{"id":1253,"date":"2025-12-19T08:13:08","date_gmt":"2025-12-19T08:13:08","guid":{"rendered":"https:\/\/www.inmoweb.es\/blog\/?p=1078"},"modified":"2026-03-31T14:39:17","modified_gmt":"2026-03-31T14:39:17","slug":"mercado-inmobiliario","status":"publish","type":"post","link":"https:\/\/www.inmoweb.es\/blog\/mercado-inmobiliario\/","title":{"rendered":"Tendencias del mercado inmobiliario en 2026"},"content":{"rendered":"<p>El mercado inmobiliario tiene una forma curiosa de avisar: primero cambian los h\u00e1bitos (d\u00f3nde vivimos, c\u00f3mo trabajamos, qu\u00e9 consideramos \u201cimprescindible\u201d) y, despu\u00e9s, cambian los precios, los plazos y la manera de negociar. En 2026 ese marcador est\u00e1 m\u00e1s activo que nunca. Si quieres entender la <strong>tendencia del mercado inmobiliario<\/strong> sin ruido, lo m\u00e1s \u00fatil es mirar qu\u00e9 fuerzas empujan de verdad: oferta disponible, financiaci\u00f3n, demograf\u00eda, regulaci\u00f3n y tecnolog\u00eda.<\/p>\n<div id=\"ez-toc-container\" class=\"ez-toc-v2_0_82_2 ez-toc-wrap-left counter-hierarchy ez-toc-counter ez-toc-grey ez-toc-container-direction\">\n<div class=\"ez-toc-title-container\">\n<p class=\"ez-toc-title\" style=\"cursor:inherit\">Tabla de contenidos<\/p>\n<span class=\"ez-toc-title-toggle\"><a href=\"#\" class=\"ez-toc-pull-right ez-toc-btn ez-toc-btn-xs ez-toc-btn-default ez-toc-toggle\" aria-label=\"Alternar tabla de contenidos\"><span class=\"ez-toc-js-icon-con\"><span class=\"\"><span class=\"eztoc-hide\" style=\"display:none;\">Toggle<\/span><span class=\"ez-toc-icon-toggle-span\"><svg style=\"fill: #999;color:#999\" xmlns=\"http:\/\/www.w3.org\/2000\/svg\" class=\"list-377408\" width=\"20px\" height=\"20px\" viewBox=\"0 0 24 24\" fill=\"none\"><path d=\"M6 6H4v2h2V6zm14 0H8v2h12V6zM4 11h2v2H4v-2zm16 0H8v2h12v-2zM4 16h2v2H4v-2zm16 0H8v2h12v-2z\" fill=\"currentColor\"><\/path><\/svg><svg style=\"fill: #999;color:#999\" class=\"arrow-unsorted-368013\" xmlns=\"http:\/\/www.w3.org\/2000\/svg\" width=\"10px\" height=\"10px\" viewBox=\"0 0 24 24\" version=\"1.2\" baseProfile=\"tiny\"><path d=\"M18.2 9.3l-6.2-6.3-6.2 6.3c-.2.2-.3.4-.3.7s.1.5.3.7c.2.2.4.3.7.3h11c.3 0 .5-.1.7-.3.2-.2.3-.5.3-.7s-.1-.5-.3-.7zM5.8 14.7l6.2 6.3 6.2-6.3c.2-.2.3-.5.3-.7s-.1-.5-.3-.7c-.2-.2-.4-.3-.7-.3h-11c-.3 0-.5.1-.7.3-.2.2-.3.5-.3.7s.1.5.3.7z\"\/><\/svg><\/span><\/span><\/span><\/a><\/span><\/div>\n<nav><ul class='ez-toc-list ez-toc-list-level-1 ' ><li class='ez-toc-page-1 ez-toc-heading-level-2'><a class=\"ez-toc-link ez-toc-heading-1\" href=\"https:\/\/www.inmoweb.es\/blog\/mercado-inmobiliario\/#Panorama_del_mercado_inmobiliario_en_Espana_para_2026\" >Panorama del mercado inmobiliario en Espa\u00f1a para 2026<\/a><\/li><li class='ez-toc-page-1 ez-toc-heading-level-2'><a class=\"ez-toc-link ez-toc-heading-2\" href=\"https:\/\/www.inmoweb.es\/blog\/mercado-inmobiliario\/#Principales_tendencias_que_marcaran_el_sector_en_2026\" >Principales tendencias que marcar\u00e1n el sector en 2026<\/a><ul class='ez-toc-list-level-3' ><li class='ez-toc-heading-level-3'><a class=\"ez-toc-link ez-toc-heading-3\" href=\"https:\/\/www.inmoweb.es\/blog\/mercado-inmobiliario\/#Factores_economicos_demograficos_y_tecnologicos_que_influyen_en_el_mercado\" >Factores econ\u00f3micos, demogr\u00e1ficos y tecnol\u00f3gicos que influyen en el mercado<\/a><\/li><\/ul><\/li><li class='ez-toc-page-1 ez-toc-heading-level-2'><a class=\"ez-toc-link ez-toc-heading-4\" href=\"https:\/\/www.inmoweb.es\/blog\/mercado-inmobiliario\/#Impacto_para_compradores_vendedores_e_inversores\" >Impacto para compradores, vendedores e inversores<\/a><\/li><li class='ez-toc-page-1 ez-toc-heading-level-2'><a class=\"ez-toc-link ez-toc-heading-5\" href=\"https:\/\/www.inmoweb.es\/blog\/mercado-inmobiliario\/#Como_prepararse_ante_los_cambios_del_mercado_inmobiliario_en_2026\" >C\u00f3mo prepararse ante los cambios del mercado inmobiliario en 2026<\/a><\/li><\/ul><\/nav><\/div>\n<h2><span class=\"ez-toc-section\" id=\"Panorama_del_mercado_inmobiliario_en_Espana_para_2026\"><\/span><strong>Panorama del mercado inmobiliario en Espa\u00f1a para 2026<\/strong><span class=\"ez-toc-section-end\"><\/span><\/h2>\n<p>El <strong>mercado inmobiliario en Espa\u00f1a para 2026<\/strong> se caracteriza por un equilibrio delicado: la demanda sigue presente, pero el ritmo de operaciones y los precios dependen, sobre todo, de cu\u00e1nta vivienda sale al mercado y en qu\u00e9 condiciones. En muchas zonas, el gran reto no es \u201csi hay compradores\u201d, sino \u201csi hay producto adecuado\u201d: viviendas bien ubicadas, con calidades actuales y documentaci\u00f3n clara.<\/p>\n<p>El entorno de financiaci\u00f3n tambi\u00e9n influye. Cuando el cr\u00e9dito se vuelve m\u00e1s accesible, aumenta la capacidad de compra; cuando se endurece, se alargan los procesos y se estrecha el perfil del comprador. En 2026, la decisi\u00f3n suele ser m\u00e1s calculada: se compara m\u00e1s, se negocia con m\u00e1s datos y se penalizan los inmuebles con costes ocultos (reformas, consumos, derramas o problemas registrales).<\/p>\n<p>En el alquiler, la tensi\u00f3n entre demanda y oferta contin\u00faa en \u00e1reas con fuerte atracci\u00f3n laboral o educativa. Adem\u00e1s, el marco regulatorio vigente y la preferencia por inquilinos solventes han elevado el nivel de exigencia: contratos m\u00e1s revisados, verificaci\u00f3n de garant\u00edas y, en general, m\u00e1s profesionalizaci\u00f3n en la gesti\u00f3n.<\/p>\n<h2><span class=\"ez-toc-section\" id=\"Principales_tendencias_que_marcaran_el_sector_en_2026\"><\/span><strong>Principales tendencias que marcar\u00e1n el sector en 2026<\/strong><span class=\"ez-toc-section-end\"><\/span><\/h2>\n<p>La primera gran <strong>tendencia del mercado inmobiliario<\/strong> es la escasez selectiva. No falta vivienda \u201cen abstracto\u201d; falta vivienda que encaje con lo que pide el comprador medio: eficiencia, distribuci\u00f3n funcional, ubicaci\u00f3n conectada y un estado que no obligue a invertir grandes importes nada m\u00e1s firmar. Eso crea un mercado a dos velocidades: lo preparado se vende m\u00e1s r\u00e1pido, lo que requiere obra intensa necesita precio m\u00e1s competitivo o m\u00e1s tiempo.<\/p>\n<p>La segunda tendencia es el peso creciente de la eficiencia energ\u00e9tica y el confort. En 2026 no solo importa cu\u00e1nto cuesta comprar; importa cu\u00e1nto cuesta vivir. Climatizaci\u00f3n, aislamiento, orientaci\u00f3n y consumos pesan cada vez m\u00e1s en la negociaci\u00f3n y en la revalorizaci\u00f3n futura.<\/p>\n<p>La tercera tendencia es el avance del dato y la digitalizaci\u00f3n en la compraventa. Desde la primera b\u00fasqueda hasta la firma, se toman m\u00e1s decisiones con informaci\u00f3n: comparables, visitas virtuales, documentaci\u00f3n compartida, reservas con trazabilidad. Eso acelera operaciones cuando todo est\u00e1 bien preparado, pero tambi\u00e9n \u201cexpulsa\u201d r\u00e1pido los inmuebles mal presentados o con informaci\u00f3n incompleta.<\/p>\n<h3><span class=\"ez-toc-section\" id=\"Factores_economicos_demograficos_y_tecnologicos_que_influyen_en_el_mercado\"><\/span><strong>Factores econ\u00f3micos, demogr\u00e1ficos y tecnol\u00f3gicos que influyen en el mercado<\/strong><span class=\"ez-toc-section-end\"><\/span><\/h3>\n<p>En lo econ\u00f3mico, la capacidad de compra se apoya en empleo, ahorro disponible y acceso al cr\u00e9dito. En paralelo, el coste de reforma y la disponibilidad de profesionales pueden condicionar la demanda: si reformar es caro o lento, gana atractivo la vivienda lista para entrar.<\/p>\n<p>En lo demogr\u00e1fico, la creaci\u00f3n de hogares y la preferencia por hogares peque\u00f1os sostienen la presi\u00f3n sobre viviendas de 1 y 2 dormitorios en determinadas ubicaciones. Tambi\u00e9n pesa la movilidad: personas que cambian de ciudad por trabajo o estudios y necesitan soluciones flexibles, lo que mantiene el inter\u00e9s por el alquiler en polos de actividad.<\/p>\n<p>En lo tecnol\u00f3gico, la automatizaci\u00f3n de procesos (captaci\u00f3n, filtrado, scoring, seguimiento) y la mejora en la experiencia digital elevan el est\u00e1ndar: quien vende o alquila con buena presentaci\u00f3n, fotos, planos y documentaci\u00f3n parte con ventaja.<\/p>\n<h2><span class=\"ez-toc-section\" id=\"Impacto_para_compradores_vendedores_e_inversores\"><\/span><strong>Impacto para compradores, vendedores e inversores<\/strong><span class=\"ez-toc-section-end\"><\/span><\/h2>\n<p>Para compradores, 2026 premia la preparaci\u00f3n: tener financiaci\u00f3n orientativa, conocer el coste total (impuestos, gastos, comunidad, reformas) y decidir r\u00e1pido cuando aparece una buena oportunidad. Tambi\u00e9n es un a\u00f1o donde negociar es m\u00e1s efectivo si se argumenta con datos: estado del inmueble, comparables reales y coste de adecuaci\u00f3n.<\/p>\n<p>Para vendedores, el mercado recompensa el precio correcto y la transparencia. Un inmueble bien documentado, bien presentado y con una estrategia clara atrae demanda de calidad y reduce regateos. Si hay elementos mejorables (certificado energ\u00e9tico bajo, instalaciones antiguas), conviene anticiparlos y ajustar expectativas.<\/p>\n<p>Para inversores, el foco est\u00e1 en la rentabilidad neta y en la resiliencia: zonas con demanda estable, inmuebles eficientes y una gesti\u00f3n que minimice vac\u00edos y sorpresas. Aqu\u00ed cobra especial importancia analizar el <strong>futuro del mercado inmobiliario<\/strong> con escenarios prudentes: tipos, mantenimiento, reformas y cambios de preferencia del inquilino.<\/p>\n<h2><span class=\"ez-toc-section\" id=\"Como_prepararse_ante_los_cambios_del_mercado_inmobiliario_en_2026\"><\/span><strong>C\u00f3mo prepararse ante los cambios del mercado inmobiliario en 2026<\/strong><span class=\"ez-toc-section-end\"><\/span><\/h2>\n<p>Para no improvisar, lo mejor es convertir las tendencias en decisiones operativas. Antes de listar acciones, piensa qu\u00e9 papel tendr\u00e1s en el mercado: comprador, vendedor o inversor. A partir de ah\u00ed:<\/p>\n<ul>\n<li>Define objetivo, plazo y l\u00edmite de esfuerzo (cuota, entrada y colch\u00f3n de gastos).\n<\/li>\n<li>Calcula el \u201ccoste total\u201d del inmueble: reformas, eficiencia, comunidad, suministros e impuestos.\n<\/li>\n<li>Prepara documentaci\u00f3n y tiempos: financiaci\u00f3n, nota simple, cargas, y calendario realista.\n<\/li>\n<li>Si inviertes, prioriza rentabilidad neta conservadora y demanda demostrable en la zona.<\/li>\n<\/ul>\n<p>Si necesitas ordenar oportunidades, seguimiento de clientes y procesos de principio a fin, un buen\u00a0<a href=\"https:\/\/www.inmoweb.es\/crm-inmobiliario\/\">crm inmobiliario<\/a> puede ayudarte a convertir esta visi\u00f3n de 2026 en decisiones ejecutables.<\/p>\n","protected":false},"excerpt":{"rendered":"<p>El mercado inmobiliario tiene una forma curiosa de avisar: primero cambian los h\u00e1bitos (d\u00f3nde vivimos, c\u00f3mo trabajamos, qu\u00e9 consideramos \u201cimprescindible\u201d) y, despu\u00e9s, cambian los precios, los plazos y la manera de negociar. En 2026 ese marcador est\u00e1 m\u00e1s activo que nunca. Si quieres entender la tendencia del mercado inmobiliario sin ruido, lo m\u00e1s \u00fatil es [&hellip;]<\/p>\n","protected":false},"author":1,"featured_media":859,"comment_status":"open","ping_status":"open","sticky":false,"template":"","format":"standard","meta":{"_acf_changed":false,"_monsterinsights_skip_tracking":false,"_monsterinsights_sitenote_active":false,"_monsterinsights_sitenote_note":"","_monsterinsights_sitenote_category":0,"footnotes":""},"categories":[157],"tags":[],"class_list":["post-1253","post","type-post","status-publish","format-standard","has-post-thumbnail","hentry","category-sector-inmobiliario"],"acf":[],"yoast_head":"<!-- This site is optimized with the Yoast SEO plugin v27.3 - https:\/\/yoast.com\/product\/yoast-seo-wordpress\/ -->\n<title>Tendencias del mercado inmobiliario en Espa\u00f1a 2026 | Inmoweb<\/title>\n<meta name=\"description\" content=\"Analizamos las tendencias del mercado inmobiliario en Espa\u00f1a para 2026, su impacto en precios y demanda, y qu\u00e9 pueden hacer compradores e inversores.\" \/>\n<meta name=\"robots\" content=\"index, follow, max-snippet:-1, max-image-preview:large, max-video-preview:-1\" \/>\n<link rel=\"canonical\" href=\"https:\/\/www.inmoweb.es\/blog\/mercado-inmobiliario\/\" \/>\n<meta property=\"og:locale\" content=\"es_ES\" \/>\n<meta property=\"og:type\" content=\"article\" \/>\n<meta property=\"og:title\" content=\"Tendencias del mercado inmobiliario en Espa\u00f1a 2026 | Inmoweb\" \/>\n<meta property=\"og:description\" content=\"Analizamos las tendencias del mercado inmobiliario en Espa\u00f1a para 2026, su impacto en precios y demanda, y qu\u00e9 pueden hacer compradores e inversores.\" \/>\n<meta property=\"og:url\" content=\"https:\/\/www.inmoweb.es\/blog\/mercado-inmobiliario\/\" \/>\n<meta property=\"og:site_name\" content=\"Inmoweb Blog\" \/>\n<meta property=\"article:publisher\" content=\"https:\/\/www.facebook.com\/inmoweb\" \/>\n<meta property=\"article:published_time\" content=\"2025-12-19T08:13:08+00:00\" \/>\n<meta property=\"article:modified_time\" content=\"2026-03-31T14:39:17+00:00\" \/>\n<meta property=\"og:image\" content=\"https:\/\/www.inmoweb.es\/blog\/wp-content\/uploads\/2023\/10\/shutterstock_2285412737-scaled.jpg\" \/>\n\t<meta property=\"og:image:width\" content=\"2560\" \/>\n\t<meta property=\"og:image:height\" content=\"1600\" \/>\n\t<meta property=\"og:image:type\" content=\"image\/jpeg\" \/>\n<meta name=\"author\" content=\"Asier Hern\u00e1ndez\" \/>\n<meta name=\"twitter:card\" content=\"summary_large_image\" \/>\n<meta name=\"twitter:creator\" content=\"@inmowebES\" \/>\n<meta name=\"twitter:site\" content=\"@inmowebES\" \/>\n<meta name=\"twitter:label1\" content=\"Escrito por\" \/>\n\t<meta name=\"twitter:data1\" content=\"Asier Hern\u00e1ndez\" \/>\n\t<meta name=\"twitter:label2\" content=\"Tiempo de lectura\" \/>\n\t<meta name=\"twitter:data2\" content=\"5 minutos\" \/>\n<script type=\"application\/ld+json\" class=\"yoast-schema-graph\">{\"@context\":\"https:\\\/\\\/schema.org\",\"@graph\":[{\"@type\":[\"Article\",\"BlogPosting\"],\"@id\":\"https:\\\/\\\/www.inmoweb.es\\\/blog\\\/mercado-inmobiliario\\\/#article\",\"isPartOf\":{\"@id\":\"https:\\\/\\\/www.inmoweb.es\\\/blog\\\/mercado-inmobiliario\\\/\"},\"author\":{\"name\":\"Asier Hern\u00e1ndez\",\"@id\":\"https:\\\/\\\/www.inmoweb.es\\\/blog\\\/#\\\/schema\\\/person\\\/3a7b8e9fd5d5cb0ac726a5b555514db7\"},\"headline\":\"Tendencias del mercado inmobiliario en 2026\",\"datePublished\":\"2025-12-19T08:13:08+00:00\",\"dateModified\":\"2026-03-31T14:39:17+00:00\",\"mainEntityOfPage\":{\"@id\":\"https:\\\/\\\/www.inmoweb.es\\\/blog\\\/mercado-inmobiliario\\\/\"},\"wordCount\":918,\"commentCount\":0,\"publisher\":{\"@id\":\"https:\\\/\\\/www.inmoweb.es\\\/blog\\\/#organization\"},\"image\":{\"@id\":\"https:\\\/\\\/www.inmoweb.es\\\/blog\\\/mercado-inmobiliario\\\/#primaryimage\"},\"thumbnailUrl\":\"https:\\\/\\\/www.inmoweb.es\\\/blog\\\/wp-content\\\/uploads\\\/2023\\\/10\\\/shutterstock_2285412737-scaled.jpg\",\"articleSection\":[\"Sector inmobiliario\"],\"inLanguage\":\"es\",\"potentialAction\":[{\"@type\":\"CommentAction\",\"name\":\"Comment\",\"target\":[\"https:\\\/\\\/www.inmoweb.es\\\/blog\\\/mercado-inmobiliario\\\/#respond\"]}]},{\"@type\":[\"WebPage\",\"ItemPage\"],\"@id\":\"https:\\\/\\\/www.inmoweb.es\\\/blog\\\/mercado-inmobiliario\\\/\",\"url\":\"https:\\\/\\\/www.inmoweb.es\\\/blog\\\/mercado-inmobiliario\\\/\",\"name\":\"Tendencias del mercado inmobiliario en Espa\u00f1a 2026 | Inmoweb\",\"isPartOf\":{\"@id\":\"https:\\\/\\\/www.inmoweb.es\\\/blog\\\/#website\"},\"primaryImageOfPage\":{\"@id\":\"https:\\\/\\\/www.inmoweb.es\\\/blog\\\/mercado-inmobiliario\\\/#primaryimage\"},\"image\":{\"@id\":\"https:\\\/\\\/www.inmoweb.es\\\/blog\\\/mercado-inmobiliario\\\/#primaryimage\"},\"thumbnailUrl\":\"https:\\\/\\\/www.inmoweb.es\\\/blog\\\/wp-content\\\/uploads\\\/2023\\\/10\\\/shutterstock_2285412737-scaled.jpg\",\"datePublished\":\"2025-12-19T08:13:08+00:00\",\"dateModified\":\"2026-03-31T14:39:17+00:00\",\"description\":\"Analizamos las tendencias del mercado inmobiliario en Espa\u00f1a para 2026, su impacto en precios y demanda, y qu\u00e9 pueden hacer compradores e inversores.\",\"breadcrumb\":{\"@id\":\"https:\\\/\\\/www.inmoweb.es\\\/blog\\\/mercado-inmobiliario\\\/#breadcrumb\"},\"inLanguage\":\"es\",\"potentialAction\":[{\"@type\":\"ReadAction\",\"target\":[\"https:\\\/\\\/www.inmoweb.es\\\/blog\\\/mercado-inmobiliario\\\/\"]}]},{\"@type\":\"ImageObject\",\"inLanguage\":\"es\",\"@id\":\"https:\\\/\\\/www.inmoweb.es\\\/blog\\\/mercado-inmobiliario\\\/#primaryimage\",\"url\":\"https:\\\/\\\/www.inmoweb.es\\\/blog\\\/wp-content\\\/uploads\\\/2023\\\/10\\\/shutterstock_2285412737-scaled.jpg\",\"contentUrl\":\"https:\\\/\\\/www.inmoweb.es\\\/blog\\\/wp-content\\\/uploads\\\/2023\\\/10\\\/shutterstock_2285412737-scaled.jpg\",\"width\":2560,\"height\":1600,\"caption\":\"Inmoweb\"},{\"@type\":\"BreadcrumbList\",\"@id\":\"https:\\\/\\\/www.inmoweb.es\\\/blog\\\/mercado-inmobiliario\\\/#breadcrumb\",\"itemListElement\":[{\"@type\":\"ListItem\",\"position\":1,\"name\":\"Blog\",\"item\":\"https:\\\/\\\/www.inmoweb.es\\\/blog\\\/\"},{\"@type\":\"ListItem\",\"position\":2,\"name\":\"Tendencias del mercado inmobiliario en 2026\"}]},{\"@type\":\"WebSite\",\"@id\":\"https:\\\/\\\/www.inmoweb.es\\\/blog\\\/#website\",\"url\":\"https:\\\/\\\/www.inmoweb.es\\\/blog\\\/\",\"name\":\"Blog de Inmoweb\",\"description\":\"El blog de Inmoweb, tu CRM Inmobiliario.\",\"publisher\":{\"@id\":\"https:\\\/\\\/www.inmoweb.es\\\/blog\\\/#organization\"},\"alternateName\":\"Blog de Inmoweb.es\",\"potentialAction\":[{\"@type\":\"SearchAction\",\"target\":{\"@type\":\"EntryPoint\",\"urlTemplate\":\"https:\\\/\\\/www.inmoweb.es\\\/blog\\\/?s={search_term_string}\"},\"query-input\":{\"@type\":\"PropertyValueSpecification\",\"valueRequired\":true,\"valueName\":\"search_term_string\"}}],\"inLanguage\":\"es\"},{\"@type\":\"Organization\",\"@id\":\"https:\\\/\\\/www.inmoweb.es\\\/blog\\\/#organization\",\"name\":\"Inmoweb\",\"alternateName\":\"Blog de Inmoweb\",\"url\":\"https:\\\/\\\/www.inmoweb.es\\\/blog\\\/\",\"logo\":{\"@type\":\"ImageObject\",\"inLanguage\":\"es\",\"@id\":\"https:\\\/\\\/www.inmoweb.es\\\/blog\\\/#\\\/schema\\\/logo\\\/image\\\/\",\"url\":\"https:\\\/\\\/www.inmoweb.es\\\/blog\\\/wp-content\\\/uploads\\\/2020\\\/06\\\/cropped-logo-4.png\",\"contentUrl\":\"https:\\\/\\\/www.inmoweb.es\\\/blog\\\/wp-content\\\/uploads\\\/2020\\\/06\\\/cropped-logo-4.png\",\"width\":928,\"height\":250,\"caption\":\"Inmoweb\"},\"image\":{\"@id\":\"https:\\\/\\\/www.inmoweb.es\\\/blog\\\/#\\\/schema\\\/logo\\\/image\\\/\"},\"sameAs\":[\"https:\\\/\\\/www.facebook.com\\\/inmoweb\",\"https:\\\/\\\/x.com\\\/inmowebES\",\"https:\\\/\\\/www.instagram.com\\\/inmoweb.es\\\/\",\"https:\\\/\\\/www.linkedin.com\\\/company\\\/inmoweb\"]},{\"@type\":\"Person\",\"@id\":\"https:\\\/\\\/www.inmoweb.es\\\/blog\\\/#\\\/schema\\\/person\\\/3a7b8e9fd5d5cb0ac726a5b555514db7\",\"name\":\"Asier Hern\u00e1ndez\",\"image\":{\"@type\":\"ImageObject\",\"inLanguage\":\"es\",\"@id\":\"https:\\\/\\\/secure.gravatar.com\\\/avatar\\\/13f134f67e679dfee6248c0d49b645aa5894875b18543bfb9569ca1e06af38d7?s=96&d=mm&r=g\",\"url\":\"https:\\\/\\\/secure.gravatar.com\\\/avatar\\\/13f134f67e679dfee6248c0d49b645aa5894875b18543bfb9569ca1e06af38d7?s=96&d=mm&r=g\",\"contentUrl\":\"https:\\\/\\\/secure.gravatar.com\\\/avatar\\\/13f134f67e679dfee6248c0d49b645aa5894875b18543bfb9569ca1e06af38d7?s=96&d=mm&r=g\",\"caption\":\"Asier Hern\u00e1ndez\"},\"description\":\"M\u00e1s de 25 a\u00f1os de experiencia en el desarrollo de tecnolog\u00eda, productos digitales y plataformas SaaS, con una trayectoria centrada en la creaci\u00f3n y evoluci\u00f3n de soluciones tecnol\u00f3gicas orientadas a negocio. Especializado en desarrollo web, arquitectura de software y gesti\u00f3n de productos digitales, cuenta con amplios conocimientos tanto en programaci\u00f3n frontend como backend, as\u00ed como en \u00e1reas clave del ecosistema digital como SEO, DNS, cloud hosting, SEM, prototipado y dise\u00f1o de producto. Esta combinaci\u00f3n de capacidades t\u00e9cnicas y estrat\u00e9gicas le ha permitido participar activamente en el dise\u00f1o, desarrollo y escalado de plataformas digitales utilizadas por miles de usuarios. A lo largo de su carrera ha acumulado una s\u00f3lida experiencia en gesti\u00f3n y liderazgo de equipos, con m\u00e1s de diez a\u00f1os dirigiendo equipos comerciales y equipos de desarrollo, coordinando perfiles t\u00e9cnicos y de negocio para impulsar el crecimiento de productos digitales y servicios SaaS. Especialista en el ecosistema de soluciones de Google, con amplia experiencia en infraestructuras web, servicios cloud y herramientas digitales, y usuario habitual del entorno Apple, mantiene un inter\u00e9s constante por la innovaci\u00f3n tecnol\u00f3gica y la evoluci\u00f3n de los modelos de negocio basados en software. Su perfil se caracteriza por una visi\u00f3n multidisciplinar, orientaci\u00f3n a producto y fuerte implicaci\u00f3n en los proyectos, combinando experiencia t\u00e9cnica, estrategia digital y enfoque en la mejora continua de plataformas tecnol\u00f3gicas.\",\"sameAs\":[\"http:\\\/\\\/blog.inmoweb.es\",\"https:\\\/\\\/www.linkedin.com\\\/in\\\/assier\\\/\"],\"url\":\"https:\\\/\\\/www.inmoweb.es\\\/blog\\\/author\\\/asier\\\/\"}]}<\/script>\n<!-- \/ Yoast SEO plugin. -->","yoast_head_json":{"title":"Tendencias del mercado inmobiliario en Espa\u00f1a 2026 | Inmoweb","description":"Analizamos las tendencias del mercado inmobiliario en Espa\u00f1a para 2026, su impacto en precios y demanda, y qu\u00e9 pueden hacer compradores e inversores.","robots":{"index":"index","follow":"follow","max-snippet":"max-snippet:-1","max-image-preview":"max-image-preview:large","max-video-preview":"max-video-preview:-1"},"canonical":"https:\/\/www.inmoweb.es\/blog\/mercado-inmobiliario\/","og_locale":"es_ES","og_type":"article","og_title":"Tendencias del mercado inmobiliario en Espa\u00f1a 2026 | Inmoweb","og_description":"Analizamos las tendencias del mercado inmobiliario en Espa\u00f1a para 2026, su impacto en precios y demanda, y qu\u00e9 pueden hacer compradores e inversores.","og_url":"https:\/\/www.inmoweb.es\/blog\/mercado-inmobiliario\/","og_site_name":"Inmoweb Blog","article_publisher":"https:\/\/www.facebook.com\/inmoweb","article_published_time":"2025-12-19T08:13:08+00:00","article_modified_time":"2026-03-31T14:39:17+00:00","og_image":[{"width":2560,"height":1600,"url":"https:\/\/www.inmoweb.es\/blog\/wp-content\/uploads\/2023\/10\/shutterstock_2285412737-scaled.jpg","type":"image\/jpeg"}],"author":"Asier Hern\u00e1ndez","twitter_card":"summary_large_image","twitter_creator":"@inmowebES","twitter_site":"@inmowebES","twitter_misc":{"Escrito por":"Asier Hern\u00e1ndez","Tiempo de lectura":"5 minutos"},"schema":{"@context":"https:\/\/schema.org","@graph":[{"@type":["Article","BlogPosting"],"@id":"https:\/\/www.inmoweb.es\/blog\/mercado-inmobiliario\/#article","isPartOf":{"@id":"https:\/\/www.inmoweb.es\/blog\/mercado-inmobiliario\/"},"author":{"name":"Asier Hern\u00e1ndez","@id":"https:\/\/www.inmoweb.es\/blog\/#\/schema\/person\/3a7b8e9fd5d5cb0ac726a5b555514db7"},"headline":"Tendencias del mercado inmobiliario en 2026","datePublished":"2025-12-19T08:13:08+00:00","dateModified":"2026-03-31T14:39:17+00:00","mainEntityOfPage":{"@id":"https:\/\/www.inmoweb.es\/blog\/mercado-inmobiliario\/"},"wordCount":918,"commentCount":0,"publisher":{"@id":"https:\/\/www.inmoweb.es\/blog\/#organization"},"image":{"@id":"https:\/\/www.inmoweb.es\/blog\/mercado-inmobiliario\/#primaryimage"},"thumbnailUrl":"https:\/\/www.inmoweb.es\/blog\/wp-content\/uploads\/2023\/10\/shutterstock_2285412737-scaled.jpg","articleSection":["Sector inmobiliario"],"inLanguage":"es","potentialAction":[{"@type":"CommentAction","name":"Comment","target":["https:\/\/www.inmoweb.es\/blog\/mercado-inmobiliario\/#respond"]}]},{"@type":["WebPage","ItemPage"],"@id":"https:\/\/www.inmoweb.es\/blog\/mercado-inmobiliario\/","url":"https:\/\/www.inmoweb.es\/blog\/mercado-inmobiliario\/","name":"Tendencias del mercado inmobiliario en Espa\u00f1a 2026 | Inmoweb","isPartOf":{"@id":"https:\/\/www.inmoweb.es\/blog\/#website"},"primaryImageOfPage":{"@id":"https:\/\/www.inmoweb.es\/blog\/mercado-inmobiliario\/#primaryimage"},"image":{"@id":"https:\/\/www.inmoweb.es\/blog\/mercado-inmobiliario\/#primaryimage"},"thumbnailUrl":"https:\/\/www.inmoweb.es\/blog\/wp-content\/uploads\/2023\/10\/shutterstock_2285412737-scaled.jpg","datePublished":"2025-12-19T08:13:08+00:00","dateModified":"2026-03-31T14:39:17+00:00","description":"Analizamos las tendencias del mercado inmobiliario en Espa\u00f1a para 2026, su impacto en precios y demanda, y qu\u00e9 pueden hacer compradores e inversores.","breadcrumb":{"@id":"https:\/\/www.inmoweb.es\/blog\/mercado-inmobiliario\/#breadcrumb"},"inLanguage":"es","potentialAction":[{"@type":"ReadAction","target":["https:\/\/www.inmoweb.es\/blog\/mercado-inmobiliario\/"]}]},{"@type":"ImageObject","inLanguage":"es","@id":"https:\/\/www.inmoweb.es\/blog\/mercado-inmobiliario\/#primaryimage","url":"https:\/\/www.inmoweb.es\/blog\/wp-content\/uploads\/2023\/10\/shutterstock_2285412737-scaled.jpg","contentUrl":"https:\/\/www.inmoweb.es\/blog\/wp-content\/uploads\/2023\/10\/shutterstock_2285412737-scaled.jpg","width":2560,"height":1600,"caption":"Inmoweb"},{"@type":"BreadcrumbList","@id":"https:\/\/www.inmoweb.es\/blog\/mercado-inmobiliario\/#breadcrumb","itemListElement":[{"@type":"ListItem","position":1,"name":"Blog","item":"https:\/\/www.inmoweb.es\/blog\/"},{"@type":"ListItem","position":2,"name":"Tendencias del mercado inmobiliario en 2026"}]},{"@type":"WebSite","@id":"https:\/\/www.inmoweb.es\/blog\/#website","url":"https:\/\/www.inmoweb.es\/blog\/","name":"Blog de Inmoweb","description":"El blog de Inmoweb, tu CRM Inmobiliario.","publisher":{"@id":"https:\/\/www.inmoweb.es\/blog\/#organization"},"alternateName":"Blog de Inmoweb.es","potentialAction":[{"@type":"SearchAction","target":{"@type":"EntryPoint","urlTemplate":"https:\/\/www.inmoweb.es\/blog\/?s={search_term_string}"},"query-input":{"@type":"PropertyValueSpecification","valueRequired":true,"valueName":"search_term_string"}}],"inLanguage":"es"},{"@type":"Organization","@id":"https:\/\/www.inmoweb.es\/blog\/#organization","name":"Inmoweb","alternateName":"Blog de Inmoweb","url":"https:\/\/www.inmoweb.es\/blog\/","logo":{"@type":"ImageObject","inLanguage":"es","@id":"https:\/\/www.inmoweb.es\/blog\/#\/schema\/logo\/image\/","url":"https:\/\/www.inmoweb.es\/blog\/wp-content\/uploads\/2020\/06\/cropped-logo-4.png","contentUrl":"https:\/\/www.inmoweb.es\/blog\/wp-content\/uploads\/2020\/06\/cropped-logo-4.png","width":928,"height":250,"caption":"Inmoweb"},"image":{"@id":"https:\/\/www.inmoweb.es\/blog\/#\/schema\/logo\/image\/"},"sameAs":["https:\/\/www.facebook.com\/inmoweb","https:\/\/x.com\/inmowebES","https:\/\/www.instagram.com\/inmoweb.es\/","https:\/\/www.linkedin.com\/company\/inmoweb"]},{"@type":"Person","@id":"https:\/\/www.inmoweb.es\/blog\/#\/schema\/person\/3a7b8e9fd5d5cb0ac726a5b555514db7","name":"Asier Hern\u00e1ndez","image":{"@type":"ImageObject","inLanguage":"es","@id":"https:\/\/secure.gravatar.com\/avatar\/13f134f67e679dfee6248c0d49b645aa5894875b18543bfb9569ca1e06af38d7?s=96&d=mm&r=g","url":"https:\/\/secure.gravatar.com\/avatar\/13f134f67e679dfee6248c0d49b645aa5894875b18543bfb9569ca1e06af38d7?s=96&d=mm&r=g","contentUrl":"https:\/\/secure.gravatar.com\/avatar\/13f134f67e679dfee6248c0d49b645aa5894875b18543bfb9569ca1e06af38d7?s=96&d=mm&r=g","caption":"Asier Hern\u00e1ndez"},"description":"M\u00e1s de 25 a\u00f1os de experiencia en el desarrollo de tecnolog\u00eda, productos digitales y plataformas SaaS, con una trayectoria centrada en la creaci\u00f3n y evoluci\u00f3n de soluciones tecnol\u00f3gicas orientadas a negocio. Especializado en desarrollo web, arquitectura de software y gesti\u00f3n de productos digitales, cuenta con amplios conocimientos tanto en programaci\u00f3n frontend como backend, as\u00ed como en \u00e1reas clave del ecosistema digital como SEO, DNS, cloud hosting, SEM, prototipado y dise\u00f1o de producto. Esta combinaci\u00f3n de capacidades t\u00e9cnicas y estrat\u00e9gicas le ha permitido participar activamente en el dise\u00f1o, desarrollo y escalado de plataformas digitales utilizadas por miles de usuarios. A lo largo de su carrera ha acumulado una s\u00f3lida experiencia en gesti\u00f3n y liderazgo de equipos, con m\u00e1s de diez a\u00f1os dirigiendo equipos comerciales y equipos de desarrollo, coordinando perfiles t\u00e9cnicos y de negocio para impulsar el crecimiento de productos digitales y servicios SaaS. Especialista en el ecosistema de soluciones de Google, con amplia experiencia en infraestructuras web, servicios cloud y herramientas digitales, y usuario habitual del entorno Apple, mantiene un inter\u00e9s constante por la innovaci\u00f3n tecnol\u00f3gica y la evoluci\u00f3n de los modelos de negocio basados en software. Su perfil se caracteriza por una visi\u00f3n multidisciplinar, orientaci\u00f3n a producto y fuerte implicaci\u00f3n en los proyectos, combinando experiencia t\u00e9cnica, estrategia digital y enfoque en la mejora continua de plataformas tecnol\u00f3gicas.","sameAs":["http:\/\/blog.inmoweb.es","https:\/\/www.linkedin.com\/in\/assier\/"],"url":"https:\/\/www.inmoweb.es\/blog\/author\/asier\/"}]}},"_links":{"self":[{"href":"https:\/\/www.inmoweb.es\/blog\/wp-json\/wp\/v2\/posts\/1253","targetHints":{"allow":["GET"]}}],"collection":[{"href":"https:\/\/www.inmoweb.es\/blog\/wp-json\/wp\/v2\/posts"}],"about":[{"href":"https:\/\/www.inmoweb.es\/blog\/wp-json\/wp\/v2\/types\/post"}],"author":[{"embeddable":true,"href":"https:\/\/www.inmoweb.es\/blog\/wp-json\/wp\/v2\/users\/1"}],"replies":[{"embeddable":true,"href":"https:\/\/www.inmoweb.es\/blog\/wp-json\/wp\/v2\/comments?post=1253"}],"version-history":[{"count":4,"href":"https:\/\/www.inmoweb.es\/blog\/wp-json\/wp\/v2\/posts\/1253\/revisions"}],"predecessor-version":[{"id":1599,"href":"https:\/\/www.inmoweb.es\/blog\/wp-json\/wp\/v2\/posts\/1253\/revisions\/1599"}],"wp:featuredmedia":[{"embeddable":true,"href":"https:\/\/www.inmoweb.es\/blog\/wp-json\/wp\/v2\/media\/859"}],"wp:attachment":[{"href":"https:\/\/www.inmoweb.es\/blog\/wp-json\/wp\/v2\/media?parent=1253"}],"wp:term":[{"taxonomy":"category","embeddable":true,"href":"https:\/\/www.inmoweb.es\/blog\/wp-json\/wp\/v2\/categories?post=1253"},{"taxonomy":"post_tag","embeddable":true,"href":"https:\/\/www.inmoweb.es\/blog\/wp-json\/wp\/v2\/tags?post=1253"}],"curies":[{"name":"wp","href":"https:\/\/api.w.org\/{rel}","templated":true}]}}