{"id":1301,"date":"2024-10-24T15:56:22","date_gmt":"2024-10-24T15:56:22","guid":{"rendered":"https:\/\/www.inmoweb.es\/blog\/?p=1301"},"modified":"2026-03-31T14:34:35","modified_gmt":"2026-03-31T14:34:35","slug":"renta-inmobiliaria-imputada","status":"publish","type":"post","link":"https:\/\/www.inmoweb.es\/blog\/renta-inmobiliaria-imputada\/","title":{"rendered":"Renta inmobiliaria imputada: Todo lo que necesitas saber"},"content":{"rendered":"<p>La renta inmobiliaria imputada es un concepto fiscal que puede generar dudas entre los contribuyentes, especialmente aquellos que poseen m\u00e1s de un inmueble. En este art\u00edculo, desglosaremos en detalle qu\u00e9 es, c\u00f3mo se calcula y qu\u00e9 implicaciones tiene en tu declaraci\u00f3n de la renta.<\/p>\n<div id=\"ez-toc-container\" class=\"ez-toc-v2_0_82_2 ez-toc-wrap-left counter-hierarchy ez-toc-counter ez-toc-grey ez-toc-container-direction\">\n<div class=\"ez-toc-title-container\">\n<p class=\"ez-toc-title\" style=\"cursor:inherit\">Tabla de contenidos<\/p>\n<span class=\"ez-toc-title-toggle\"><a href=\"#\" class=\"ez-toc-pull-right ez-toc-btn ez-toc-btn-xs ez-toc-btn-default ez-toc-toggle\" aria-label=\"Alternar tabla de contenidos\"><span class=\"ez-toc-js-icon-con\"><span class=\"\"><span class=\"eztoc-hide\" style=\"display:none;\">Toggle<\/span><span class=\"ez-toc-icon-toggle-span\"><svg style=\"fill: #999;color:#999\" xmlns=\"http:\/\/www.w3.org\/2000\/svg\" class=\"list-377408\" width=\"20px\" height=\"20px\" viewBox=\"0 0 24 24\" fill=\"none\"><path d=\"M6 6H4v2h2V6zm14 0H8v2h12V6zM4 11h2v2H4v-2zm16 0H8v2h12v-2zM4 16h2v2H4v-2zm16 0H8v2h12v-2z\" fill=\"currentColor\"><\/path><\/svg><svg style=\"fill: #999;color:#999\" class=\"arrow-unsorted-368013\" xmlns=\"http:\/\/www.w3.org\/2000\/svg\" width=\"10px\" height=\"10px\" viewBox=\"0 0 24 24\" version=\"1.2\" baseProfile=\"tiny\"><path d=\"M18.2 9.3l-6.2-6.3-6.2 6.3c-.2.2-.3.4-.3.7s.1.5.3.7c.2.2.4.3.7.3h11c.3 0 .5-.1.7-.3.2-.2.3-.5.3-.7s-.1-.5-.3-.7zM5.8 14.7l6.2 6.3 6.2-6.3c.2-.2.3-.5.3-.7s-.1-.5-.3-.7c-.2-.2-.4-.3-.7-.3h-11c-.3 0-.5.1-.7.3-.2.2-.3.5-.3.7s.1.5.3.7z\"\/><\/svg><\/span><\/span><\/span><\/a><\/span><\/div>\n<nav><ul class='ez-toc-list ez-toc-list-level-1 ' ><li class='ez-toc-page-1 ez-toc-heading-level-2'><a class=\"ez-toc-link ez-toc-heading-1\" href=\"https:\/\/www.inmoweb.es\/blog\/renta-inmobiliaria-imputada\/#%C2%BFQue_es_la_renta_inmobiliaria_imputada\" >\u00bfQu\u00e9 es la renta inmobiliaria imputada?<\/a><ul class='ez-toc-list-level-3' ><li class='ez-toc-heading-level-3'><a class=\"ez-toc-link ez-toc-heading-2\" href=\"https:\/\/www.inmoweb.es\/blog\/renta-inmobiliaria-imputada\/#Fundamento_legal\" >Fundamento legal<\/a><\/li><\/ul><\/li><li class='ez-toc-page-1 ez-toc-heading-level-2'><a class=\"ez-toc-link ez-toc-heading-3\" href=\"https:\/\/www.inmoweb.es\/blog\/renta-inmobiliaria-imputada\/#%C2%BFPor_que_existe_la_imputacion_de_renta_inmobiliaria\" >\u00bfPor qu\u00e9 existe la imputaci\u00f3n de renta inmobiliaria?<\/a><\/li><li class='ez-toc-page-1 ez-toc-heading-level-2'><a class=\"ez-toc-link ez-toc-heading-4\" href=\"https:\/\/www.inmoweb.es\/blog\/renta-inmobiliaria-imputada\/#%C2%BFQuienes_estan_afectados_por_la_renta_inmobiliaria_imputada\" >\u00bfQui\u00e9nes est\u00e1n afectados por la renta inmobiliaria imputada?<\/a><ul class='ez-toc-list-level-3' ><li class='ez-toc-heading-level-3'><a class=\"ez-toc-link ez-toc-heading-5\" href=\"https:\/\/www.inmoweb.es\/blog\/renta-inmobiliaria-imputada\/#Propietarios_de_segundas_residencias\" >Propietarios de segundas residencias<\/a><\/li><li class='ez-toc-page-1 ez-toc-heading-level-3'><a class=\"ez-toc-link ez-toc-heading-6\" href=\"https:\/\/www.inmoweb.es\/blog\/renta-inmobiliaria-imputada\/#Inmuebles_urbanos_no_arrendados\" >Inmuebles urbanos no arrendados<\/a><\/li><li class='ez-toc-page-1 ez-toc-heading-level-3'><a class=\"ez-toc-link ez-toc-heading-7\" href=\"https:\/\/www.inmoweb.es\/blog\/renta-inmobiliaria-imputada\/#Viviendas_en_construccion_o_recien_adquiridas\" >Viviendas en construcci\u00f3n o reci\u00e9n adquiridas<\/a><\/li><\/ul><\/li><li class='ez-toc-page-1 ez-toc-heading-level-2'><a class=\"ez-toc-link ez-toc-heading-8\" href=\"https:\/\/www.inmoweb.es\/blog\/renta-inmobiliaria-imputada\/#%C2%BFComo_se_calcula_la_imputacion_de_renta_inmobiliaria\" >\u00bfC\u00f3mo se calcula la imputaci\u00f3n de renta inmobiliaria?<\/a><ul class='ez-toc-list-level-3' ><li class='ez-toc-heading-level-3'><a class=\"ez-toc-link ez-toc-heading-9\" href=\"https:\/\/www.inmoweb.es\/blog\/renta-inmobiliaria-imputada\/#Pasos_para_el_calculo\" >Pasos para el c\u00e1lculo<\/a><\/li><li class='ez-toc-page-1 ez-toc-heading-level-3'><a class=\"ez-toc-link ez-toc-heading-10\" href=\"https:\/\/www.inmoweb.es\/blog\/renta-inmobiliaria-imputada\/#Ejemplo_practico\" >Ejemplo pr\u00e1ctico<\/a><\/li><\/ul><\/li><li class='ez-toc-page-1 ez-toc-heading-level-2'><a class=\"ez-toc-link ez-toc-heading-11\" href=\"https:\/\/www.inmoweb.es\/blog\/renta-inmobiliaria-imputada\/#Excepciones_y_casos_especiales\" >Excepciones y casos especiales<\/a><ul class='ez-toc-list-level-3' ><li class='ez-toc-heading-level-3'><a class=\"ez-toc-link ez-toc-heading-12\" href=\"https:\/\/www.inmoweb.es\/blog\/renta-inmobiliaria-imputada\/#Inmuebles_exentos_de_imputacion\" >Inmuebles exentos de imputaci\u00f3n<\/a><\/li><li class='ez-toc-page-1 ez-toc-heading-level-3'><a class=\"ez-toc-link ez-toc-heading-13\" href=\"https:\/\/www.inmoweb.es\/blog\/renta-inmobiliaria-imputada\/#Periodos_inferiores_al_ano\" >Periodos inferiores al a\u00f1o<\/a><\/li><li class='ez-toc-page-1 ez-toc-heading-level-3'><a class=\"ez-toc-link ez-toc-heading-14\" href=\"https:\/\/www.inmoweb.es\/blog\/renta-inmobiliaria-imputada\/#Inmuebles_en_ruinas_o_inhabitables\" >Inmuebles en ruinas o inhabitables<\/a><\/li><\/ul><\/li><li class='ez-toc-page-1 ez-toc-heading-level-2'><a class=\"ez-toc-link ez-toc-heading-15\" href=\"https:\/\/www.inmoweb.es\/blog\/renta-inmobiliaria-imputada\/#Documentacion_necesaria\" >Documentaci\u00f3n necesaria<\/a><\/li><li class='ez-toc-page-1 ez-toc-heading-level-2'><a class=\"ez-toc-link ez-toc-heading-16\" href=\"https:\/\/www.inmoweb.es\/blog\/renta-inmobiliaria-imputada\/#Implicaciones_fiscales_en_la_declaracion_de_la_renta\" >Implicaciones fiscales en la declaraci\u00f3n de la renta<\/a><ul class='ez-toc-list-level-3' ><li class='ez-toc-heading-level-3'><a class=\"ez-toc-link ez-toc-heading-17\" href=\"https:\/\/www.inmoweb.es\/blog\/renta-inmobiliaria-imputada\/#Deducciones_y_reducciones\" >Deducciones y reducciones<\/a><\/li><\/ul><\/li><li class='ez-toc-page-1 ez-toc-heading-level-2'><a class=\"ez-toc-link ez-toc-heading-18\" href=\"https:\/\/www.inmoweb.es\/blog\/renta-inmobiliaria-imputada\/#Consejos_practicos_para_propietarios\" >Consejos pr\u00e1cticos para propietarios<\/a><ul class='ez-toc-list-level-3' ><li class='ez-toc-heading-level-3'><a class=\"ez-toc-link ez-toc-heading-19\" href=\"https:\/\/www.inmoweb.es\/blog\/renta-inmobiliaria-imputada\/#Manten_actualizada_la_informacion_catastral\" >Mant\u00e9n actualizada la informaci\u00f3n catastral<\/a><\/li><li class='ez-toc-page-1 ez-toc-heading-level-3'><a class=\"ez-toc-link ez-toc-heading-20\" href=\"https:\/\/www.inmoweb.es\/blog\/renta-inmobiliaria-imputada\/#Considera_el_alquiler\" >Considera el alquiler<\/a><\/li><li class='ez-toc-page-1 ez-toc-heading-level-3'><a class=\"ez-toc-link ez-toc-heading-21\" href=\"https:\/\/www.inmoweb.es\/blog\/renta-inmobiliaria-imputada\/#Asesoramiento_profesional\" >Asesoramiento profesional<\/a><\/li><\/ul><\/li><li class='ez-toc-page-1 ez-toc-heading-level-2'><a class=\"ez-toc-link ez-toc-heading-22\" href=\"https:\/\/www.inmoweb.es\/blog\/renta-inmobiliaria-imputada\/#Cambios_legislativos_recientes\" >Cambios legislativos recientes<\/a><\/li><li class='ez-toc-page-1 ez-toc-heading-level-2'><a class=\"ez-toc-link ez-toc-heading-23\" href=\"https:\/\/www.inmoweb.es\/blog\/renta-inmobiliaria-imputada\/#Preguntas_frecuentes\" >Preguntas frecuentes<\/a><ul class='ez-toc-list-level-3' ><li class='ez-toc-heading-level-3'><a class=\"ez-toc-link ez-toc-heading-24\" href=\"https:\/\/www.inmoweb.es\/blog\/renta-inmobiliaria-imputada\/#%C2%BFLa_renta_inmobiliaria_imputada_afecta_a_los_inmuebles_en_el_extranjero\" >\u00bfLa renta inmobiliaria imputada afecta a los inmuebles en el extranjero?<\/a><\/li><li class='ez-toc-page-1 ez-toc-heading-level-3'><a class=\"ez-toc-link ez-toc-heading-25\" href=\"https:\/\/www.inmoweb.es\/blog\/renta-inmobiliaria-imputada\/#%C2%BFQue_sucede_si_no_declaro_la_renta_imputada\" >\u00bfQu\u00e9 sucede si no declaro la renta imputada?<\/a><\/li><li class='ez-toc-page-1 ez-toc-heading-level-3'><a class=\"ez-toc-link ez-toc-heading-26\" href=\"https:\/\/www.inmoweb.es\/blog\/renta-inmobiliaria-imputada\/#%C2%BFPuedo_reducir_el_valor_catastral_para_pagar_menos\" >\u00bfPuedo reducir el valor catastral para pagar menos?<\/a><\/li><\/ul><\/li><\/ul><\/nav><\/div>\n<h2><span class=\"ez-toc-section\" id=\"%C2%BFQue_es_la_renta_inmobiliaria_imputada\"><\/span>\u00bfQu\u00e9 es la <strong>renta inmobiliaria imputada<\/strong>?<span class=\"ez-toc-section-end\"><\/span><\/h2>\n<p>La renta inmobiliaria imputada es un ingreso te\u00f3rico que la Agencia Tributaria atribuye a los propietarios de inmuebles que no constituyen su vivienda habitual y que no est\u00e1n generando rentas a trav\u00e9s del alquiler. Este concepto se basa en la idea de que la posesi\u00f3n de una propiedad genera un beneficio potencial, aunque no se obtengan ingresos directos de ella.<\/p>\n<h3><span class=\"ez-toc-section\" id=\"Fundamento_legal\"><\/span>Fundamento legal<span class=\"ez-toc-section-end\"><\/span><\/h3>\n<p>La imputaci\u00f3n de renta inmobiliaria est\u00e1 regulada en la Ley del Impuesto sobre la Renta de las Personas F\u00edsicas (IRPF), espec\u00edficamente en el art\u00edculo 85. Esta normativa establece que ciertos inmuebles deben considerarse como generadores de renta, afectando as\u00ed la base imponible del contribuyente.<\/p>\n<h2><span class=\"ez-toc-section\" id=\"%C2%BFPor_que_existe_la_imputacion_de_renta_inmobiliaria\"><\/span>\u00bfPor qu\u00e9 existe la <strong>imputaci\u00f3n de renta inmobiliaria<\/strong>?<span class=\"ez-toc-section-end\"><\/span><\/h2>\n<p>El objetivo de este mecanismo es evitar situaciones en las que se disfrute de propiedades sin contribuir proporcionalmente al sistema fiscal. Se presume que un inmueble no alquilado puede proporcionar ventajas econ\u00f3micas o de disfrute al propietario, las cuales deben reflejarse en su tributaci\u00f3n.<\/p>\n<h2><span class=\"ez-toc-section\" id=\"%C2%BFQuienes_estan_afectados_por_la_renta_inmobiliaria_imputada\"><\/span>\u00bfQui\u00e9nes est\u00e1n afectados por la <strong>renta inmobiliaria imputada<\/strong>?<span class=\"ez-toc-section-end\"><\/span><\/h2>\n<h3><span class=\"ez-toc-section\" id=\"Propietarios_de_segundas_residencias\"><\/span>Propietarios de segundas residencias<span class=\"ez-toc-section-end\"><\/span><\/h3>\n<p>Si tienes una segunda vivienda, ya sea en la playa, en la monta\u00f1a o en otro lugar, y no la tienes alquilada, deber\u00e1s imputar una renta inmobiliaria en tu declaraci\u00f3n.<\/p>\n<h3><span class=\"ez-toc-section\" id=\"Inmuebles_urbanos_no_arrendados\"><\/span>Inmuebles urbanos no arrendados<span class=\"ez-toc-section-end\"><\/span><\/h3>\n<p>La normativa afecta a:<\/p>\n<ul>\n<li>Plazas de garaje.<\/li>\n<li>Trasteros.<\/li>\n<li>Locales comerciales vac\u00edos.<\/li>\n<li>Terrenos urbanos sin edificar.<\/li>\n<\/ul>\n<h3><span class=\"ez-toc-section\" id=\"Viviendas_en_construccion_o_recien_adquiridas\"><\/span>Viviendas en construcci\u00f3n o reci\u00e9n adquiridas<span class=\"ez-toc-section-end\"><\/span><\/h3>\n<p>Una vez finalizada la construcci\u00f3n o desde el momento de adquisici\u00f3n, si el inmueble est\u00e1 disponible pero no genera rentas, se debe considerar en la imputaci\u00f3n.<\/p>\n<h2><span class=\"ez-toc-section\" id=\"%C2%BFComo_se_calcula_la_imputacion_de_renta_inmobiliaria\"><\/span>\u00bfC\u00f3mo se calcula la <strong>imputaci\u00f3n de renta inmobiliaria<\/strong>?<span class=\"ez-toc-section-end\"><\/span><\/h2>\n<p>El c\u00e1lculo se realiza aplicando un porcentaje sobre el valor catastral del inmueble. Este porcentaje var\u00eda seg\u00fan la fecha de revisi\u00f3n del valor catastral:<\/p>\n<ul>\n<li><strong>1,1%<\/strong> del valor catastral si este ha sido revisado en los \u00faltimos 10 a\u00f1os.<\/li>\n<li><strong>2%<\/strong> si no ha sido revisado en ese periodo.<\/li>\n<\/ul>\n<h3><span class=\"ez-toc-section\" id=\"Pasos_para_el_calculo\"><\/span>Pasos para el c\u00e1lculo<span class=\"ez-toc-section-end\"><\/span><\/h3>\n<ul>\n<li><strong>Obtener el valor catastral:<\/strong> puedes encontrarlo en el recibo del Impuesto sobre Bienes Inmuebles (IBI) o solicit\u00e1ndolo al catastro.<\/li>\n<li><strong>Determinar el porcentaje aplicable:<\/strong> verifica la fecha de la \u00faltima revisi\u00f3n catastral.<\/li>\n<li><strong>Realizar el c\u00e1lculo: Renta Imputada = Valor Catastral x Porcentaje Aplicable<\/strong><\/li>\n<\/ul>\n<h3><span class=\"ez-toc-section\" id=\"Ejemplo_practico\"><\/span>Ejemplo pr\u00e1ctico<span class=\"ez-toc-section-end\"><\/span><\/h3>\n<p>Supongamos que tienes una vivienda con un valor catastral de 80.000 euros, revisado hace 5 a\u00f1os.<\/p>\n<ul>\n<li><strong>Porcentaje aplicable:<\/strong> 1,1%<\/li>\n<li><strong>C\u00e1lculo: Renta Imputada = 80.000 \u20ac x 1,1% = 880 \u20ac<\/strong><\/li>\n<\/ul>\n<p>Esta cantidad se sumar\u00e1 a tus ingresos en la base imponible general del IRPF.<\/p>\n<h2><span class=\"ez-toc-section\" id=\"Excepciones_y_casos_especiales\"><\/span>Excepciones y casos especiales<span class=\"ez-toc-section-end\"><\/span><\/h2>\n<h3><span class=\"ez-toc-section\" id=\"Inmuebles_exentos_de_imputacion\"><\/span>Inmuebles exentos de imputaci\u00f3n<span class=\"ez-toc-section-end\"><\/span><\/h3>\n<p>No se debe imputar renta inmobiliaria en los siguientes casos:<\/p>\n<ul>\n<li><strong>Vivienda habitual:<\/strong> la residencia donde vives de forma permanente.<\/li>\n<li><strong>Inmuebles arrendados:<\/strong> si percibes rentas por alquiler, ya tributas por esos ingresos.<\/li>\n<li><strong>Inmuebles afectos a actividades econ\u00f3micas:<\/strong> propiedades utilizadas en una actividad empresarial o profesional.<\/li>\n<li><strong>Solares y terrenos no edificables:<\/strong> no generan imputaci\u00f3n al no ser susceptibles de uso.<\/li>\n<\/ul>\n<h3><span class=\"ez-toc-section\" id=\"Periodos_inferiores_al_ano\"><\/span>Periodos inferiores al a\u00f1o<span class=\"ez-toc-section-end\"><\/span><\/h3>\n<p>Si el inmueble ha estado disponible solo parte del a\u00f1o, la imputaci\u00f3n se realiza proporcionalmente al n\u00famero de d\u00edas en esa situaci\u00f3n.<\/p>\n<h3><span class=\"ez-toc-section\" id=\"Inmuebles_en_ruinas_o_inhabitables\"><\/span>Inmuebles en ruinas o inhabitables<span class=\"ez-toc-section-end\"><\/span><\/h3>\n<p>No generan renta imputada, pero es recomendable contar con documentaci\u00f3n que acredite su estado, como informes t\u00e9cnicos o declaraciones oficiales.<\/p>\n<h2><span class=\"ez-toc-section\" id=\"Documentacion_necesaria\"><\/span>Documentaci\u00f3n necesaria<span class=\"ez-toc-section-end\"><\/span><\/h2>\n<p>Para cumplir correctamente con la imputaci\u00f3n de renta inmobiliaria, debes contar con:<\/p>\n<ul>\n<li><strong>Recibo del IBI:<\/strong> para obtener el valor catastral y verificar la fecha de la \u00faltima revisi\u00f3n.<\/li>\n<li><strong>Escrituras de propiedad:<\/strong> para acreditar la titularidad y fecha de adquisici\u00f3n.<\/li>\n<li><strong>Certificados catastrales:<\/strong> en caso de dudas sobre la informaci\u00f3n del inmueble.<\/li>\n<\/ul>\n<h2><span class=\"ez-toc-section\" id=\"Implicaciones_fiscales_en_la_declaracion_de_la_renta\"><\/span>Implicaciones fiscales en la declaraci\u00f3n de la renta<span class=\"ez-toc-section-end\"><\/span><\/h2>\n<p>La renta imputada se incluye en la base imponible general del IRPF, junto con otros rendimientos del trabajo o actividades econ\u00f3micas. Esto puede aumentar la cantidad a pagar o reducir el importe a devolver en tu declaraci\u00f3n.<\/p>\n<h3><span class=\"ez-toc-section\" id=\"Deducciones_y_reducciones\"><\/span>Deducciones y reducciones<span class=\"ez-toc-section-end\"><\/span><\/h3>\n<p>Desafortunadamente, no existen deducciones espec\u00edficas por la renta inmobiliaria imputada. Sin embargo, estar al tanto de otras deducciones generales puede ayudarte a minimizar tu carga fiscal.<\/p>\n<h2><span class=\"ez-toc-section\" id=\"Consejos_practicos_para_propietarios\"><\/span>Consejos pr\u00e1cticos para propietarios<span class=\"ez-toc-section-end\"><\/span><\/h2>\n<h3><span class=\"ez-toc-section\" id=\"Manten_actualizada_la_informacion_catastral\"><\/span>Mant\u00e9n actualizada la informaci\u00f3n catastral<span class=\"ez-toc-section-end\"><\/span><\/h3>\n<p>Revisa peri\u00f3dicamente los datos catastrales de tus inmuebles. Correcciones en el valor catastral pueden afectar el c\u00e1lculo de la renta imputada.<\/p>\n<h3><span class=\"ez-toc-section\" id=\"Considera_el_alquiler\"><\/span>Considera el alquiler<span class=\"ez-toc-section-end\"><\/span><\/h3>\n<p>Si no utilizas el inmueble, alquilarlo puede ser una opci\u00f3n para generar ingresos y, al mismo tiempo, evitar la imputaci\u00f3n de renta inmobiliaria. No obstante, deber\u00e1s tributar por los rendimientos del alquiler.<\/p>\n<h3><span class=\"ez-toc-section\" id=\"Asesoramiento_profesional\"><\/span>Asesoramiento profesional<span class=\"ez-toc-section-end\"><\/span><\/h3>\n<p>Las leyes fiscales pueden ser complejas y est\u00e1n sujetas a cambios. Consultar con un asesor fiscal te permitir\u00e1 optimizar tu situaci\u00f3n y cumplir con todas tus obligaciones.<\/p>\n<h2><span class=\"ez-toc-section\" id=\"Cambios_legislativos_recientes\"><\/span>Cambios legislativos recientes<span class=\"ez-toc-section-end\"><\/span><\/h2>\n<p>Es importante destacar que las normativas fiscales pueden variar. Hasta la fecha de mi conocimiento en octubre de 2023, no se han implementado cambios significativos en la regulaci\u00f3n de la renta inmobiliaria imputada. Sin embargo, siempre es recomendable verificar la informaci\u00f3n m\u00e1s actualizada al momento de realizar tu declaraci\u00f3n.<\/p>\n<h2><span class=\"ez-toc-section\" id=\"Preguntas_frecuentes\"><\/span>Preguntas frecuentes<span class=\"ez-toc-section-end\"><\/span><\/h2>\n<h3><span class=\"ez-toc-section\" id=\"%C2%BFLa_renta_inmobiliaria_imputada_afecta_a_los_inmuebles_en_el_extranjero\"><\/span>\u00bfLa renta inmobiliaria imputada afecta a los inmuebles en el extranjero?<span class=\"ez-toc-section-end\"><\/span><\/h3>\n<p>S\u00ed, los inmuebles ubicados en el extranjero tambi\u00e9n est\u00e1n sujetos a imputaci\u00f3n de renta inmobiliaria, aunque el c\u00e1lculo puede variar y es aconsejable consultar casos espec\u00edficos.<\/p>\n<h3><span class=\"ez-toc-section\" id=\"%C2%BFQue_sucede_si_no_declaro_la_renta_imputada\"><\/span>\u00bfQu\u00e9 sucede si no declaro la renta imputada?<span class=\"ez-toc-section-end\"><\/span><\/h3>\n<p>Omitir esta informaci\u00f3n puede considerarse una infracci\u00f3n tributaria, con posibles sanciones y recargos por parte de la Agencia Tributaria.<\/p>\n<h3><span class=\"ez-toc-section\" id=\"%C2%BFPuedo_reducir_el_valor_catastral_para_pagar_menos\"><\/span>\u00bfPuedo reducir el valor catastral para pagar menos?<span class=\"ez-toc-section-end\"><\/span><\/h3>\n<p>El valor catastral es determinado por el catastro y solo puede ser modificado oficialmente. Intentar alterarlo sin seguir los procedimientos legales es ilegal y puede tener consecuencias graves.<\/p>\n","protected":false},"excerpt":{"rendered":"<p>La renta inmobiliaria imputada es un concepto fiscal que puede generar dudas entre los contribuyentes, especialmente aquellos que poseen m\u00e1s de un inmueble. En este art\u00edculo, desglosaremos en detalle qu\u00e9 es, c\u00f3mo se calcula y qu\u00e9 implicaciones tiene en tu declaraci\u00f3n de la renta. \u00bfQu\u00e9 es la renta inmobiliaria imputada? La renta inmobiliaria imputada es [&hellip;]<\/p>\n","protected":false},"author":1,"featured_media":867,"comment_status":"open","ping_status":"open","sticky":false,"template":"","format":"standard","meta":{"_acf_changed":false,"_monsterinsights_skip_tracking":false,"_monsterinsights_sitenote_active":false,"_monsterinsights_sitenote_note":"","_monsterinsights_sitenote_category":0,"footnotes":""},"categories":[161],"tags":[],"class_list":["post-1301","post","type-post","status-publish","format-standard","has-post-thumbnail","hentry","category-legislacion-normativa"],"acf":[],"yoast_head":"<!-- This site is optimized with the Yoast SEO plugin v27.3 - https:\/\/yoast.com\/product\/yoast-seo-wordpress\/ -->\n<title>\u25b7 Renta inmobiliaria imputada [GU\u00cdA 2025]<\/title>\n<meta name=\"description\" content=\"Descubre qu\u00e9 es la renta inmobiliaria imputada, c\u00f3mo calcularla y qui\u00e9nes deben declararla. Informaci\u00f3n esencial y consejos pr\u00e1cticos.\" \/>\n<meta name=\"robots\" content=\"index, follow, max-snippet:-1, max-image-preview:large, max-video-preview:-1\" \/>\n<link rel=\"canonical\" href=\"https:\/\/www.inmoweb.es\/blog\/renta-inmobiliaria-imputada\/\" \/>\n<meta property=\"og:locale\" content=\"es_ES\" \/>\n<meta property=\"og:type\" content=\"article\" \/>\n<meta property=\"og:title\" content=\"\u25b7 Renta inmobiliaria imputada [GU\u00cdA 2025]\" \/>\n<meta property=\"og:description\" content=\"Descubre qu\u00e9 es la renta inmobiliaria imputada, c\u00f3mo calcularla y qui\u00e9nes deben declararla. Informaci\u00f3n esencial y consejos pr\u00e1cticos.\" \/>\n<meta property=\"og:url\" content=\"https:\/\/www.inmoweb.es\/blog\/renta-inmobiliaria-imputada\/\" \/>\n<meta property=\"og:site_name\" content=\"Inmoweb Blog\" \/>\n<meta property=\"article:publisher\" content=\"https:\/\/www.facebook.com\/inmoweb\" \/>\n<meta property=\"article:published_time\" content=\"2024-10-24T15:56:22+00:00\" \/>\n<meta property=\"article:modified_time\" content=\"2026-03-31T14:34:35+00:00\" \/>\n<meta property=\"og:image\" content=\"https:\/\/www.inmoweb.es\/blog\/wp-content\/uploads\/2023\/11\/PhotoReal_necesito_un_hombre_con_traje_de_chaqueta_de_unos_35_0.jpg\" \/>\n\t<meta property=\"og:image:width\" content=\"1152\" \/>\n\t<meta property=\"og:image:height\" content=\"768\" \/>\n\t<meta property=\"og:image:type\" content=\"image\/jpeg\" \/>\n<meta name=\"author\" content=\"Asier Hern\u00e1ndez\" \/>\n<meta name=\"twitter:card\" content=\"summary_large_image\" \/>\n<meta name=\"twitter:creator\" content=\"@inmowebES\" \/>\n<meta name=\"twitter:site\" content=\"@inmowebES\" \/>\n<meta name=\"twitter:label1\" content=\"Escrito por\" \/>\n\t<meta name=\"twitter:data1\" content=\"Asier Hern\u00e1ndez\" \/>\n\t<meta name=\"twitter:label2\" content=\"Tiempo de lectura\" \/>\n\t<meta name=\"twitter:data2\" content=\"5 minutos\" \/>\n<script type=\"application\/ld+json\" class=\"yoast-schema-graph\">{\"@context\":\"https:\\\/\\\/schema.org\",\"@graph\":[{\"@type\":[\"Article\",\"BlogPosting\"],\"@id\":\"https:\\\/\\\/www.inmoweb.es\\\/blog\\\/renta-inmobiliaria-imputada\\\/#article\",\"isPartOf\":{\"@id\":\"https:\\\/\\\/www.inmoweb.es\\\/blog\\\/renta-inmobiliaria-imputada\\\/\"},\"author\":{\"name\":\"Asier Hern\u00e1ndez\",\"@id\":\"https:\\\/\\\/www.inmoweb.es\\\/blog\\\/#\\\/schema\\\/person\\\/3a7b8e9fd5d5cb0ac726a5b555514db7\"},\"headline\":\"Renta inmobiliaria imputada: Todo lo que necesitas saber\",\"datePublished\":\"2024-10-24T15:56:22+00:00\",\"dateModified\":\"2026-03-31T14:34:35+00:00\",\"mainEntityOfPage\":{\"@id\":\"https:\\\/\\\/www.inmoweb.es\\\/blog\\\/renta-inmobiliaria-imputada\\\/\"},\"wordCount\":1012,\"commentCount\":0,\"publisher\":{\"@id\":\"https:\\\/\\\/www.inmoweb.es\\\/blog\\\/#organization\"},\"image\":{\"@id\":\"https:\\\/\\\/www.inmoweb.es\\\/blog\\\/renta-inmobiliaria-imputada\\\/#primaryimage\"},\"thumbnailUrl\":\"https:\\\/\\\/www.inmoweb.es\\\/blog\\\/wp-content\\\/uploads\\\/2023\\\/11\\\/PhotoReal_necesito_un_hombre_con_traje_de_chaqueta_de_unos_35_0.jpg\",\"articleSection\":[\"Legislaci\u00f3n y normativa\"],\"inLanguage\":\"es\",\"potentialAction\":[{\"@type\":\"CommentAction\",\"name\":\"Comment\",\"target\":[\"https:\\\/\\\/www.inmoweb.es\\\/blog\\\/renta-inmobiliaria-imputada\\\/#respond\"]}]},{\"@type\":[\"WebPage\",\"ItemPage\"],\"@id\":\"https:\\\/\\\/www.inmoweb.es\\\/blog\\\/renta-inmobiliaria-imputada\\\/\",\"url\":\"https:\\\/\\\/www.inmoweb.es\\\/blog\\\/renta-inmobiliaria-imputada\\\/\",\"name\":\"\u25b7 Renta inmobiliaria imputada [GU\u00cdA 2025]\",\"isPartOf\":{\"@id\":\"https:\\\/\\\/www.inmoweb.es\\\/blog\\\/#website\"},\"primaryImageOfPage\":{\"@id\":\"https:\\\/\\\/www.inmoweb.es\\\/blog\\\/renta-inmobiliaria-imputada\\\/#primaryimage\"},\"image\":{\"@id\":\"https:\\\/\\\/www.inmoweb.es\\\/blog\\\/renta-inmobiliaria-imputada\\\/#primaryimage\"},\"thumbnailUrl\":\"https:\\\/\\\/www.inmoweb.es\\\/blog\\\/wp-content\\\/uploads\\\/2023\\\/11\\\/PhotoReal_necesito_un_hombre_con_traje_de_chaqueta_de_unos_35_0.jpg\",\"datePublished\":\"2024-10-24T15:56:22+00:00\",\"dateModified\":\"2026-03-31T14:34:35+00:00\",\"description\":\"Descubre qu\u00e9 es la renta inmobiliaria imputada, c\u00f3mo calcularla y qui\u00e9nes deben declararla. Informaci\u00f3n esencial y consejos pr\u00e1cticos.\",\"breadcrumb\":{\"@id\":\"https:\\\/\\\/www.inmoweb.es\\\/blog\\\/renta-inmobiliaria-imputada\\\/#breadcrumb\"},\"inLanguage\":\"es\",\"potentialAction\":[{\"@type\":\"ReadAction\",\"target\":[\"https:\\\/\\\/www.inmoweb.es\\\/blog\\\/renta-inmobiliaria-imputada\\\/\"]}]},{\"@type\":\"ImageObject\",\"inLanguage\":\"es\",\"@id\":\"https:\\\/\\\/www.inmoweb.es\\\/blog\\\/renta-inmobiliaria-imputada\\\/#primaryimage\",\"url\":\"https:\\\/\\\/www.inmoweb.es\\\/blog\\\/wp-content\\\/uploads\\\/2023\\\/11\\\/PhotoReal_necesito_un_hombre_con_traje_de_chaqueta_de_unos_35_0.jpg\",\"contentUrl\":\"https:\\\/\\\/www.inmoweb.es\\\/blog\\\/wp-content\\\/uploads\\\/2023\\\/11\\\/PhotoReal_necesito_un_hombre_con_traje_de_chaqueta_de_unos_35_0.jpg\",\"width\":1152,\"height\":768},{\"@type\":\"BreadcrumbList\",\"@id\":\"https:\\\/\\\/www.inmoweb.es\\\/blog\\\/renta-inmobiliaria-imputada\\\/#breadcrumb\",\"itemListElement\":[{\"@type\":\"ListItem\",\"position\":1,\"name\":\"Blog\",\"item\":\"https:\\\/\\\/www.inmoweb.es\\\/blog\\\/\"},{\"@type\":\"ListItem\",\"position\":2,\"name\":\"Renta inmobiliaria imputada: Todo lo que necesitas saber\"}]},{\"@type\":\"WebSite\",\"@id\":\"https:\\\/\\\/www.inmoweb.es\\\/blog\\\/#website\",\"url\":\"https:\\\/\\\/www.inmoweb.es\\\/blog\\\/\",\"name\":\"Blog de Inmoweb\",\"description\":\"El blog de Inmoweb, tu CRM Inmobiliario.\",\"publisher\":{\"@id\":\"https:\\\/\\\/www.inmoweb.es\\\/blog\\\/#organization\"},\"alternateName\":\"Blog de Inmoweb.es\",\"potentialAction\":[{\"@type\":\"SearchAction\",\"target\":{\"@type\":\"EntryPoint\",\"urlTemplate\":\"https:\\\/\\\/www.inmoweb.es\\\/blog\\\/?s={search_term_string}\"},\"query-input\":{\"@type\":\"PropertyValueSpecification\",\"valueRequired\":true,\"valueName\":\"search_term_string\"}}],\"inLanguage\":\"es\"},{\"@type\":\"Organization\",\"@id\":\"https:\\\/\\\/www.inmoweb.es\\\/blog\\\/#organization\",\"name\":\"Inmoweb\",\"alternateName\":\"Blog de Inmoweb\",\"url\":\"https:\\\/\\\/www.inmoweb.es\\\/blog\\\/\",\"logo\":{\"@type\":\"ImageObject\",\"inLanguage\":\"es\",\"@id\":\"https:\\\/\\\/www.inmoweb.es\\\/blog\\\/#\\\/schema\\\/logo\\\/image\\\/\",\"url\":\"https:\\\/\\\/www.inmoweb.es\\\/blog\\\/wp-content\\\/uploads\\\/2020\\\/06\\\/cropped-logo-4.png\",\"contentUrl\":\"https:\\\/\\\/www.inmoweb.es\\\/blog\\\/wp-content\\\/uploads\\\/2020\\\/06\\\/cropped-logo-4.png\",\"width\":928,\"height\":250,\"caption\":\"Inmoweb\"},\"image\":{\"@id\":\"https:\\\/\\\/www.inmoweb.es\\\/blog\\\/#\\\/schema\\\/logo\\\/image\\\/\"},\"sameAs\":[\"https:\\\/\\\/www.facebook.com\\\/inmoweb\",\"https:\\\/\\\/x.com\\\/inmowebES\",\"https:\\\/\\\/www.instagram.com\\\/inmoweb.es\\\/\",\"https:\\\/\\\/www.linkedin.com\\\/company\\\/inmoweb\"]},{\"@type\":\"Person\",\"@id\":\"https:\\\/\\\/www.inmoweb.es\\\/blog\\\/#\\\/schema\\\/person\\\/3a7b8e9fd5d5cb0ac726a5b555514db7\",\"name\":\"Asier Hern\u00e1ndez\",\"image\":{\"@type\":\"ImageObject\",\"inLanguage\":\"es\",\"@id\":\"https:\\\/\\\/secure.gravatar.com\\\/avatar\\\/13f134f67e679dfee6248c0d49b645aa5894875b18543bfb9569ca1e06af38d7?s=96&d=mm&r=g\",\"url\":\"https:\\\/\\\/secure.gravatar.com\\\/avatar\\\/13f134f67e679dfee6248c0d49b645aa5894875b18543bfb9569ca1e06af38d7?s=96&d=mm&r=g\",\"contentUrl\":\"https:\\\/\\\/secure.gravatar.com\\\/avatar\\\/13f134f67e679dfee6248c0d49b645aa5894875b18543bfb9569ca1e06af38d7?s=96&d=mm&r=g\",\"caption\":\"Asier Hern\u00e1ndez\"},\"description\":\"M\u00e1s de 25 a\u00f1os de experiencia en el desarrollo de tecnolog\u00eda, productos digitales y plataformas SaaS, con una trayectoria centrada en la creaci\u00f3n y evoluci\u00f3n de soluciones tecnol\u00f3gicas orientadas a negocio. Especializado en desarrollo web, arquitectura de software y gesti\u00f3n de productos digitales, cuenta con amplios conocimientos tanto en programaci\u00f3n frontend como backend, as\u00ed como en \u00e1reas clave del ecosistema digital como SEO, DNS, cloud hosting, SEM, prototipado y dise\u00f1o de producto. Esta combinaci\u00f3n de capacidades t\u00e9cnicas y estrat\u00e9gicas le ha permitido participar activamente en el dise\u00f1o, desarrollo y escalado de plataformas digitales utilizadas por miles de usuarios. A lo largo de su carrera ha acumulado una s\u00f3lida experiencia en gesti\u00f3n y liderazgo de equipos, con m\u00e1s de diez a\u00f1os dirigiendo equipos comerciales y equipos de desarrollo, coordinando perfiles t\u00e9cnicos y de negocio para impulsar el crecimiento de productos digitales y servicios SaaS. Especialista en el ecosistema de soluciones de Google, con amplia experiencia en infraestructuras web, servicios cloud y herramientas digitales, y usuario habitual del entorno Apple, mantiene un inter\u00e9s constante por la innovaci\u00f3n tecnol\u00f3gica y la evoluci\u00f3n de los modelos de negocio basados en software. Su perfil se caracteriza por una visi\u00f3n multidisciplinar, orientaci\u00f3n a producto y fuerte implicaci\u00f3n en los proyectos, combinando experiencia t\u00e9cnica, estrategia digital y enfoque en la mejora continua de plataformas tecnol\u00f3gicas.\",\"sameAs\":[\"http:\\\/\\\/blog.inmoweb.es\",\"https:\\\/\\\/www.linkedin.com\\\/in\\\/assier\\\/\"],\"url\":\"https:\\\/\\\/www.inmoweb.es\\\/blog\\\/author\\\/asier\\\/\"}]}<\/script>\n<!-- \/ Yoast SEO plugin. -->","yoast_head_json":{"title":"\u25b7 Renta inmobiliaria imputada [GU\u00cdA 2025]","description":"Descubre qu\u00e9 es la renta inmobiliaria imputada, c\u00f3mo calcularla y qui\u00e9nes deben declararla. Informaci\u00f3n esencial y consejos pr\u00e1cticos.","robots":{"index":"index","follow":"follow","max-snippet":"max-snippet:-1","max-image-preview":"max-image-preview:large","max-video-preview":"max-video-preview:-1"},"canonical":"https:\/\/www.inmoweb.es\/blog\/renta-inmobiliaria-imputada\/","og_locale":"es_ES","og_type":"article","og_title":"\u25b7 Renta inmobiliaria imputada [GU\u00cdA 2025]","og_description":"Descubre qu\u00e9 es la renta inmobiliaria imputada, c\u00f3mo calcularla y qui\u00e9nes deben declararla. Informaci\u00f3n esencial y consejos pr\u00e1cticos.","og_url":"https:\/\/www.inmoweb.es\/blog\/renta-inmobiliaria-imputada\/","og_site_name":"Inmoweb Blog","article_publisher":"https:\/\/www.facebook.com\/inmoweb","article_published_time":"2024-10-24T15:56:22+00:00","article_modified_time":"2026-03-31T14:34:35+00:00","og_image":[{"width":1152,"height":768,"url":"https:\/\/www.inmoweb.es\/blog\/wp-content\/uploads\/2023\/11\/PhotoReal_necesito_un_hombre_con_traje_de_chaqueta_de_unos_35_0.jpg","type":"image\/jpeg"}],"author":"Asier Hern\u00e1ndez","twitter_card":"summary_large_image","twitter_creator":"@inmowebES","twitter_site":"@inmowebES","twitter_misc":{"Escrito por":"Asier Hern\u00e1ndez","Tiempo de lectura":"5 minutos"},"schema":{"@context":"https:\/\/schema.org","@graph":[{"@type":["Article","BlogPosting"],"@id":"https:\/\/www.inmoweb.es\/blog\/renta-inmobiliaria-imputada\/#article","isPartOf":{"@id":"https:\/\/www.inmoweb.es\/blog\/renta-inmobiliaria-imputada\/"},"author":{"name":"Asier Hern\u00e1ndez","@id":"https:\/\/www.inmoweb.es\/blog\/#\/schema\/person\/3a7b8e9fd5d5cb0ac726a5b555514db7"},"headline":"Renta inmobiliaria imputada: Todo lo que necesitas saber","datePublished":"2024-10-24T15:56:22+00:00","dateModified":"2026-03-31T14:34:35+00:00","mainEntityOfPage":{"@id":"https:\/\/www.inmoweb.es\/blog\/renta-inmobiliaria-imputada\/"},"wordCount":1012,"commentCount":0,"publisher":{"@id":"https:\/\/www.inmoweb.es\/blog\/#organization"},"image":{"@id":"https:\/\/www.inmoweb.es\/blog\/renta-inmobiliaria-imputada\/#primaryimage"},"thumbnailUrl":"https:\/\/www.inmoweb.es\/blog\/wp-content\/uploads\/2023\/11\/PhotoReal_necesito_un_hombre_con_traje_de_chaqueta_de_unos_35_0.jpg","articleSection":["Legislaci\u00f3n y normativa"],"inLanguage":"es","potentialAction":[{"@type":"CommentAction","name":"Comment","target":["https:\/\/www.inmoweb.es\/blog\/renta-inmobiliaria-imputada\/#respond"]}]},{"@type":["WebPage","ItemPage"],"@id":"https:\/\/www.inmoweb.es\/blog\/renta-inmobiliaria-imputada\/","url":"https:\/\/www.inmoweb.es\/blog\/renta-inmobiliaria-imputada\/","name":"\u25b7 Renta inmobiliaria imputada [GU\u00cdA 2025]","isPartOf":{"@id":"https:\/\/www.inmoweb.es\/blog\/#website"},"primaryImageOfPage":{"@id":"https:\/\/www.inmoweb.es\/blog\/renta-inmobiliaria-imputada\/#primaryimage"},"image":{"@id":"https:\/\/www.inmoweb.es\/blog\/renta-inmobiliaria-imputada\/#primaryimage"},"thumbnailUrl":"https:\/\/www.inmoweb.es\/blog\/wp-content\/uploads\/2023\/11\/PhotoReal_necesito_un_hombre_con_traje_de_chaqueta_de_unos_35_0.jpg","datePublished":"2024-10-24T15:56:22+00:00","dateModified":"2026-03-31T14:34:35+00:00","description":"Descubre qu\u00e9 es la renta inmobiliaria imputada, c\u00f3mo calcularla y qui\u00e9nes deben declararla. Informaci\u00f3n esencial y consejos pr\u00e1cticos.","breadcrumb":{"@id":"https:\/\/www.inmoweb.es\/blog\/renta-inmobiliaria-imputada\/#breadcrumb"},"inLanguage":"es","potentialAction":[{"@type":"ReadAction","target":["https:\/\/www.inmoweb.es\/blog\/renta-inmobiliaria-imputada\/"]}]},{"@type":"ImageObject","inLanguage":"es","@id":"https:\/\/www.inmoweb.es\/blog\/renta-inmobiliaria-imputada\/#primaryimage","url":"https:\/\/www.inmoweb.es\/blog\/wp-content\/uploads\/2023\/11\/PhotoReal_necesito_un_hombre_con_traje_de_chaqueta_de_unos_35_0.jpg","contentUrl":"https:\/\/www.inmoweb.es\/blog\/wp-content\/uploads\/2023\/11\/PhotoReal_necesito_un_hombre_con_traje_de_chaqueta_de_unos_35_0.jpg","width":1152,"height":768},{"@type":"BreadcrumbList","@id":"https:\/\/www.inmoweb.es\/blog\/renta-inmobiliaria-imputada\/#breadcrumb","itemListElement":[{"@type":"ListItem","position":1,"name":"Blog","item":"https:\/\/www.inmoweb.es\/blog\/"},{"@type":"ListItem","position":2,"name":"Renta inmobiliaria imputada: Todo lo que necesitas saber"}]},{"@type":"WebSite","@id":"https:\/\/www.inmoweb.es\/blog\/#website","url":"https:\/\/www.inmoweb.es\/blog\/","name":"Blog de Inmoweb","description":"El blog de Inmoweb, tu CRM Inmobiliario.","publisher":{"@id":"https:\/\/www.inmoweb.es\/blog\/#organization"},"alternateName":"Blog de Inmoweb.es","potentialAction":[{"@type":"SearchAction","target":{"@type":"EntryPoint","urlTemplate":"https:\/\/www.inmoweb.es\/blog\/?s={search_term_string}"},"query-input":{"@type":"PropertyValueSpecification","valueRequired":true,"valueName":"search_term_string"}}],"inLanguage":"es"},{"@type":"Organization","@id":"https:\/\/www.inmoweb.es\/blog\/#organization","name":"Inmoweb","alternateName":"Blog de Inmoweb","url":"https:\/\/www.inmoweb.es\/blog\/","logo":{"@type":"ImageObject","inLanguage":"es","@id":"https:\/\/www.inmoweb.es\/blog\/#\/schema\/logo\/image\/","url":"https:\/\/www.inmoweb.es\/blog\/wp-content\/uploads\/2020\/06\/cropped-logo-4.png","contentUrl":"https:\/\/www.inmoweb.es\/blog\/wp-content\/uploads\/2020\/06\/cropped-logo-4.png","width":928,"height":250,"caption":"Inmoweb"},"image":{"@id":"https:\/\/www.inmoweb.es\/blog\/#\/schema\/logo\/image\/"},"sameAs":["https:\/\/www.facebook.com\/inmoweb","https:\/\/x.com\/inmowebES","https:\/\/www.instagram.com\/inmoweb.es\/","https:\/\/www.linkedin.com\/company\/inmoweb"]},{"@type":"Person","@id":"https:\/\/www.inmoweb.es\/blog\/#\/schema\/person\/3a7b8e9fd5d5cb0ac726a5b555514db7","name":"Asier Hern\u00e1ndez","image":{"@type":"ImageObject","inLanguage":"es","@id":"https:\/\/secure.gravatar.com\/avatar\/13f134f67e679dfee6248c0d49b645aa5894875b18543bfb9569ca1e06af38d7?s=96&d=mm&r=g","url":"https:\/\/secure.gravatar.com\/avatar\/13f134f67e679dfee6248c0d49b645aa5894875b18543bfb9569ca1e06af38d7?s=96&d=mm&r=g","contentUrl":"https:\/\/secure.gravatar.com\/avatar\/13f134f67e679dfee6248c0d49b645aa5894875b18543bfb9569ca1e06af38d7?s=96&d=mm&r=g","caption":"Asier Hern\u00e1ndez"},"description":"M\u00e1s de 25 a\u00f1os de experiencia en el desarrollo de tecnolog\u00eda, productos digitales y plataformas SaaS, con una trayectoria centrada en la creaci\u00f3n y evoluci\u00f3n de soluciones tecnol\u00f3gicas orientadas a negocio. Especializado en desarrollo web, arquitectura de software y gesti\u00f3n de productos digitales, cuenta con amplios conocimientos tanto en programaci\u00f3n frontend como backend, as\u00ed como en \u00e1reas clave del ecosistema digital como SEO, DNS, cloud hosting, SEM, prototipado y dise\u00f1o de producto. Esta combinaci\u00f3n de capacidades t\u00e9cnicas y estrat\u00e9gicas le ha permitido participar activamente en el dise\u00f1o, desarrollo y escalado de plataformas digitales utilizadas por miles de usuarios. A lo largo de su carrera ha acumulado una s\u00f3lida experiencia en gesti\u00f3n y liderazgo de equipos, con m\u00e1s de diez a\u00f1os dirigiendo equipos comerciales y equipos de desarrollo, coordinando perfiles t\u00e9cnicos y de negocio para impulsar el crecimiento de productos digitales y servicios SaaS. Especialista en el ecosistema de soluciones de Google, con amplia experiencia en infraestructuras web, servicios cloud y herramientas digitales, y usuario habitual del entorno Apple, mantiene un inter\u00e9s constante por la innovaci\u00f3n tecnol\u00f3gica y la evoluci\u00f3n de los modelos de negocio basados en software. Su perfil se caracteriza por una visi\u00f3n multidisciplinar, orientaci\u00f3n a producto y fuerte implicaci\u00f3n en los proyectos, combinando experiencia t\u00e9cnica, estrategia digital y enfoque en la mejora continua de plataformas tecnol\u00f3gicas.","sameAs":["http:\/\/blog.inmoweb.es","https:\/\/www.linkedin.com\/in\/assier\/"],"url":"https:\/\/www.inmoweb.es\/blog\/author\/asier\/"}]}},"_links":{"self":[{"href":"https:\/\/www.inmoweb.es\/blog\/wp-json\/wp\/v2\/posts\/1301","targetHints":{"allow":["GET"]}}],"collection":[{"href":"https:\/\/www.inmoweb.es\/blog\/wp-json\/wp\/v2\/posts"}],"about":[{"href":"https:\/\/www.inmoweb.es\/blog\/wp-json\/wp\/v2\/types\/post"}],"author":[{"embeddable":true,"href":"https:\/\/www.inmoweb.es\/blog\/wp-json\/wp\/v2\/users\/1"}],"replies":[{"embeddable":true,"href":"https:\/\/www.inmoweb.es\/blog\/wp-json\/wp\/v2\/comments?post=1301"}],"version-history":[{"count":3,"href":"https:\/\/www.inmoweb.es\/blog\/wp-json\/wp\/v2\/posts\/1301\/revisions"}],"predecessor-version":[{"id":1305,"href":"https:\/\/www.inmoweb.es\/blog\/wp-json\/wp\/v2\/posts\/1301\/revisions\/1305"}],"wp:featuredmedia":[{"embeddable":true,"href":"https:\/\/www.inmoweb.es\/blog\/wp-json\/wp\/v2\/media\/867"}],"wp:attachment":[{"href":"https:\/\/www.inmoweb.es\/blog\/wp-json\/wp\/v2\/media?parent=1301"}],"wp:term":[{"taxonomy":"category","embeddable":true,"href":"https:\/\/www.inmoweb.es\/blog\/wp-json\/wp\/v2\/categories?post=1301"},{"taxonomy":"post_tag","embeddable":true,"href":"https:\/\/www.inmoweb.es\/blog\/wp-json\/wp\/v2\/tags?post=1301"}],"curies":[{"name":"wp","href":"https:\/\/api.w.org\/{rel}","templated":true}]}}