{"id":1506,"date":"2025-08-26T11:54:47","date_gmt":"2025-08-26T11:54:47","guid":{"rendered":"https:\/\/www.inmoweb.es\/blog\/?p=1506"},"modified":"2026-03-31T14:34:34","modified_gmt":"2026-03-31T14:34:34","slug":"responsabilidad-civil-locativa","status":"publish","type":"post","link":"https:\/\/www.inmoweb.es\/blog\/responsabilidad-civil-locativa\/","title":{"rendered":"\u00bfQu\u00e9 es la responsabilidad civil locativa?"},"content":{"rendered":"<p><span style=\"font-weight: 400;\">Cuando alquilamos una vivienda o un local, proceso en el que el <\/span><a href=\"https:\/\/www.inmoweb.es\/crm-inmobiliario\/\"><span style=\"font-weight: 400;\">CRM inmobiliario<\/span><\/a><span style=\"font-weight: 400;\"> de Inmoweb da grandes resultados, asumimos obligaciones que van m\u00e1s all\u00e1 del simple pago de la renta. Una de las m\u00e1s importantes, aunque poco conocida, es la <\/span><b>responsabilidad civil locativa<\/b><span style=\"font-weight: 400;\">. Este concepto legal juega un papel clave en las relaciones entre inquilinos y propietarios, ya que establece qui\u00e9n debe responder en caso de da\u00f1os al inmueble durante el periodo de arrendamiento. Comprenderlo es esencial para evitar conflictos y, sobre todo, para estar debidamente protegido frente a imprevistos.<\/span><\/p>\n<p><span style=\"font-weight: 400;\">La responsabilidad civil locativa surge en el marco de un contrato de arrendamiento y tiene como objetivo determinar la obligaci\u00f3n de reparar o indemnizar por los da\u00f1os ocasionados al inmueble arrendado. Dicho de otro modo, es la cobertura legal que protege al propietario frente a posibles deterioros causados por el inquilino, siempre que no se deban al desgaste natural del uso.<\/span><\/p>\n<p><span style=\"font-weight: 400;\">Ahora bien, \u00bfQu\u00e9 implica exactamente para el inquilino y para el propietario? Lo explicamos a continuaci\u00f3n.<\/span><\/p>\n<div id=\"ez-toc-container\" class=\"ez-toc-v2_0_82_2 ez-toc-wrap-left counter-hierarchy ez-toc-counter ez-toc-grey ez-toc-container-direction\">\n<div class=\"ez-toc-title-container\">\n<p class=\"ez-toc-title\" style=\"cursor:inherit\">Tabla de contenidos<\/p>\n<span class=\"ez-toc-title-toggle\"><a href=\"#\" class=\"ez-toc-pull-right ez-toc-btn ez-toc-btn-xs ez-toc-btn-default ez-toc-toggle\" aria-label=\"Alternar tabla de contenidos\"><span class=\"ez-toc-js-icon-con\"><span class=\"\"><span class=\"eztoc-hide\" style=\"display:none;\">Toggle<\/span><span class=\"ez-toc-icon-toggle-span\"><svg style=\"fill: #999;color:#999\" xmlns=\"http:\/\/www.w3.org\/2000\/svg\" class=\"list-377408\" width=\"20px\" height=\"20px\" viewBox=\"0 0 24 24\" fill=\"none\"><path d=\"M6 6H4v2h2V6zm14 0H8v2h12V6zM4 11h2v2H4v-2zm16 0H8v2h12v-2zM4 16h2v2H4v-2zm16 0H8v2h12v-2z\" fill=\"currentColor\"><\/path><\/svg><svg style=\"fill: #999;color:#999\" class=\"arrow-unsorted-368013\" xmlns=\"http:\/\/www.w3.org\/2000\/svg\" width=\"10px\" height=\"10px\" viewBox=\"0 0 24 24\" version=\"1.2\" baseProfile=\"tiny\"><path d=\"M18.2 9.3l-6.2-6.3-6.2 6.3c-.2.2-.3.4-.3.7s.1.5.3.7c.2.2.4.3.7.3h11c.3 0 .5-.1.7-.3.2-.2.3-.5.3-.7s-.1-.5-.3-.7zM5.8 14.7l6.2 6.3 6.2-6.3c.2-.2.3-.5.3-.7s-.1-.5-.3-.7c-.2-.2-.4-.3-.7-.3h-11c-.3 0-.5.1-.7.3-.2.2-.3.5-.3.7s.1.5.3.7z\"\/><\/svg><\/span><\/span><\/span><\/a><\/span><\/div>\n<nav><ul class='ez-toc-list ez-toc-list-level-1 ' ><li class='ez-toc-page-1 ez-toc-heading-level-2'><a class=\"ez-toc-link ez-toc-heading-1\" href=\"https:\/\/www.inmoweb.es\/blog\/responsabilidad-civil-locativa\/#Responsabilidad_civil_locativa_del_inquilino\" >Responsabilidad civil locativa del inquilino<\/a><\/li><li class='ez-toc-page-1 ez-toc-heading-level-2'><a class=\"ez-toc-link ez-toc-heading-2\" href=\"https:\/\/www.inmoweb.es\/blog\/responsabilidad-civil-locativa\/#Responsabilidad_civil_locativa_del_propietario\" >Responsabilidad civil locativa del propietario<\/a><\/li><li class='ez-toc-page-1 ez-toc-heading-level-2'><a class=\"ez-toc-link ez-toc-heading-3\" href=\"https:\/\/www.inmoweb.es\/blog\/responsabilidad-civil-locativa\/#Diferencias_entre_responsabilidad_civil_inmobiliaria_y_locativa\" >Diferencias entre responsabilidad civil inmobiliaria y locativa<\/a><\/li><\/ul><\/nav><\/div>\n<h2><span class=\"ez-toc-section\" id=\"Responsabilidad_civil_locativa_del_inquilino\"><\/span><b>Responsabilidad civil locativa del inquilino<\/b><span class=\"ez-toc-section-end\"><\/span><\/h2>\n<p><span style=\"font-weight: 400;\">El inquilino es quien tiene el uso y disfrute del inmueble, y por ello recae sobre \u00e9l gran parte de la <\/span><b>responsabilidad civil locativa del inquilino<\/b><span style=\"font-weight: 400;\">. Esto significa que debe responder por los da\u00f1os que cause al bien arrendado, ya sea por accidente, descuido o mal uso.<\/span><\/p>\n<p><span style=\"font-weight: 400;\">Ejemplos comunes incluyen da\u00f1os en paredes por filtraciones mal gestionadas, rotura de cristales por descuido, desperfectos en puertas o incluso un incendio accidental. En estos casos, el arrendatario est\u00e1 obligado a reparar o indemnizar al propietario.<\/span><\/p>\n<p><span style=\"font-weight: 400;\">Es aqu\u00ed donde entra en juego la importancia de un seguro de hogar con cobertura de responsabilidad civil locativa. Estas p\u00f3lizas permiten al inquilino afrontar los costes de reparaci\u00f3n o indemnizaci\u00f3n sin tener que desembolsar grandes sumas de dinero de forma directa. Tener esta protecci\u00f3n no solo es recomendable, sino que en muchos contratos de alquiler se exige de manera obligatoria.<\/span><\/p>\n<p><span style=\"font-weight: 400;\">Un <\/span><b>ejemplo de responsabilidad civil locativa<\/b><span style=\"font-weight: 400;\"> ser\u00eda el caso de un inquilino que, por olvidar apagar una vela, provoca un peque\u00f1o incendio en el sal\u00f3n. Aunque el seguro del propietario pueda cubrir parte del da\u00f1o, la obligaci\u00f3n primaria recae sobre el inquilino, que deber\u00e1 responder ante el arrendador por los desperfectos ocasionados.<\/span><\/p>\n<h2><span class=\"ez-toc-section\" id=\"Responsabilidad_civil_locativa_del_propietario\"><\/span><b>Responsabilidad civil locativa del propietario<\/b><span class=\"ez-toc-section-end\"><\/span><\/h2>\n<p><span style=\"font-weight: 400;\">Aunque a menudo se pone el foco en los arrendatarios, el propietario tambi\u00e9n tiene responsabilidades en este \u00e1mbito. Su papel se centra en garantizar que el inmueble se entregue en condiciones \u00f3ptimas de habitabilidad y seguridad.<\/span><\/p>\n<p><span style=\"font-weight: 400;\">Si los da\u00f1os se producen por deficiencias estructurales, instalaciones defectuosas o problemas que no son imputables al inquilino, ser\u00e1 el propietario quien deba hacerse cargo. Por ejemplo, una fuga de agua causada por una tuber\u00eda vieja que nunca fue reparada no puede atribuirse al inquilino.<\/span><\/p>\n<p><span style=\"font-weight: 400;\">El propietario, al igual que el inquilino, puede protegerse mediante un seguro espec\u00edfico que cubra su <\/span><b>responsabilidad civil locativa<\/b><span style=\"font-weight: 400;\"> en relaci\u00f3n con los da\u00f1os derivados de la conservaci\u00f3n del inmueble. De esta manera, ambas partes tienen un respaldo frente a posibles conflictos legales o econ\u00f3micos.<\/span><\/p>\n<h2><span class=\"ez-toc-section\" id=\"Diferencias_entre_responsabilidad_civil_inmobiliaria_y_locativa\"><\/span><b>Diferencias entre responsabilidad civil inmobiliaria y locativa<\/b><span class=\"ez-toc-section-end\"><\/span><\/h2>\n<p><span style=\"font-weight: 400;\">Es com\u00fan confundir la <\/span><b>responsabilidad civil inmobiliaria y locativa<\/b><span style=\"font-weight: 400;\">, aunque son conceptos distintos.<\/span><\/p>\n<ul>\n<li style=\"font-weight: 400;\" aria-level=\"1\"><b>Responsabilidad civil inmobiliaria<\/b><span style=\"font-weight: 400;\">: est\u00e1 vinculada al hecho de ser propietario de un inmueble. Cubre los da\u00f1os que ese bien pueda causar a terceros, como por ejemplo la ca\u00edda de una teja que lesione a un peat\u00f3n.<\/span><span style=\"font-weight: 400;\"><br \/>\n<\/span><\/li>\n<li style=\"font-weight: 400;\" aria-level=\"1\"><b>Responsabilidad civil locativa<\/b><span style=\"font-weight: 400;\">: se refiere al uso del inmueble por parte de un inquilino. Es decir, responde a los da\u00f1os que este pueda ocasionar dentro de la vivienda o local arrendado.<\/span><span style=\"font-weight: 400;\">\n<p><\/span><\/li>\n<\/ul>\n<p><span style=\"font-weight: 400;\">En resumen, mientras la primera protege a los due\u00f1os frente a los riesgos derivados de la propiedad, la segunda se centra en los riesgos asociados al arrendamiento.<\/span><\/p>\n<p><span style=\"font-weight: 400;\">La <\/span><b>responsabilidad civil locativa<\/b><span style=\"font-weight: 400;\"> es una pieza fundamental en los contratos de alquiler, ya que define c\u00f3mo deben actuar inquilinos y propietarios ante da\u00f1os en el inmueble. Contar con un seguro adecuado que cubra este tipo de contingencias es la mejor forma de garantizar tranquilidad y evitar conflictos econ\u00f3micos.<\/span><\/p>\n<p><span style=\"font-weight: 400;\">Conocer estas diferencias y obligaciones permite a ambas partes \u2013propietario e inquilino\u2013 mantener una relaci\u00f3n m\u00e1s clara, justa y segura durante todo el arrendamiento.<\/span><\/p>\n","protected":false},"excerpt":{"rendered":"<p>Cuando alquilamos una vivienda o un local, proceso en el que el CRM inmobiliario de Inmoweb da grandes resultados, asumimos obligaciones que van m\u00e1s all\u00e1 del simple pago de la renta. Una de las m\u00e1s importantes, aunque poco conocida, es la responsabilidad civil locativa. Este concepto legal juega un papel clave en las relaciones entre [&hellip;]<\/p>\n","protected":false},"author":1,"featured_media":1507,"comment_status":"open","ping_status":"open","sticky":false,"template":"","format":"standard","meta":{"_acf_changed":false,"_monsterinsights_skip_tracking":false,"_monsterinsights_sitenote_active":false,"_monsterinsights_sitenote_note":"","_monsterinsights_sitenote_category":0,"footnotes":""},"categories":[161],"tags":[],"class_list":["post-1506","post","type-post","status-publish","format-standard","has-post-thumbnail","hentry","category-legislacion-normativa"],"acf":[],"yoast_head":"<!-- This site is optimized with the Yoast SEO plugin v27.3 - https:\/\/yoast.com\/product\/yoast-seo-wordpress\/ -->\n<title>\u25b7 \u00bfQu\u00e9 es la responsabilidad civil locativa?<\/title>\n<meta name=\"description\" content=\"Descubre qu\u00e9 es la responsabilidad civil locativa y c\u00f3mo impacta en contratos de alquiler y gesti\u00f3n de inmuebles a propietarios e inquilino\" \/>\n<meta name=\"robots\" content=\"index, follow, max-snippet:-1, max-image-preview:large, max-video-preview:-1\" \/>\n<link rel=\"canonical\" href=\"https:\/\/www.inmoweb.es\/blog\/responsabilidad-civil-locativa\/\" \/>\n<meta property=\"og:locale\" content=\"es_ES\" \/>\n<meta property=\"og:type\" content=\"article\" \/>\n<meta property=\"og:title\" content=\"\u25b7 \u00bfQu\u00e9 es la responsabilidad civil locativa?\" \/>\n<meta property=\"og:description\" content=\"Descubre qu\u00e9 es la responsabilidad civil locativa y c\u00f3mo impacta en contratos de alquiler y gesti\u00f3n de inmuebles a propietarios e inquilino\" \/>\n<meta property=\"og:url\" content=\"https:\/\/www.inmoweb.es\/blog\/responsabilidad-civil-locativa\/\" \/>\n<meta property=\"og:site_name\" content=\"Inmoweb Blog\" \/>\n<meta property=\"article:publisher\" content=\"https:\/\/www.facebook.com\/inmoweb\" \/>\n<meta property=\"article:published_time\" content=\"2025-08-26T11:54:47+00:00\" \/>\n<meta property=\"article:modified_time\" content=\"2026-03-31T14:34:34+00:00\" \/>\n<meta property=\"og:image\" content=\"https:\/\/www.inmoweb.es\/blog\/wp-content\/uploads\/2025\/08\/Que-es-la-responsabilidad-civil-locativa.jpg\" \/>\n\t<meta property=\"og:image:width\" content=\"1200\" \/>\n\t<meta property=\"og:image:height\" content=\"800\" \/>\n\t<meta property=\"og:image:type\" content=\"image\/jpeg\" \/>\n<meta name=\"author\" content=\"Asier Hern\u00e1ndez\" \/>\n<meta name=\"twitter:card\" content=\"summary_large_image\" \/>\n<meta name=\"twitter:creator\" content=\"@inmowebES\" \/>\n<meta name=\"twitter:site\" content=\"@inmowebES\" \/>\n<meta name=\"twitter:label1\" content=\"Escrito por\" \/>\n\t<meta name=\"twitter:data1\" content=\"Asier Hern\u00e1ndez\" \/>\n\t<meta name=\"twitter:label2\" content=\"Tiempo de lectura\" \/>\n\t<meta name=\"twitter:data2\" content=\"4 minutos\" \/>\n<script type=\"application\/ld+json\" class=\"yoast-schema-graph\">{\"@context\":\"https:\\\/\\\/schema.org\",\"@graph\":[{\"@type\":[\"Article\",\"BlogPosting\"],\"@id\":\"https:\\\/\\\/www.inmoweb.es\\\/blog\\\/responsabilidad-civil-locativa\\\/#article\",\"isPartOf\":{\"@id\":\"https:\\\/\\\/www.inmoweb.es\\\/blog\\\/responsabilidad-civil-locativa\\\/\"},\"author\":{\"name\":\"Asier Hern\u00e1ndez\",\"@id\":\"https:\\\/\\\/www.inmoweb.es\\\/blog\\\/#\\\/schema\\\/person\\\/3a7b8e9fd5d5cb0ac726a5b555514db7\"},\"headline\":\"\u00bfQu\u00e9 es la responsabilidad civil locativa?\",\"datePublished\":\"2025-08-26T11:54:47+00:00\",\"dateModified\":\"2026-03-31T14:34:34+00:00\",\"mainEntityOfPage\":{\"@id\":\"https:\\\/\\\/www.inmoweb.es\\\/blog\\\/responsabilidad-civil-locativa\\\/\"},\"wordCount\":730,\"commentCount\":0,\"publisher\":{\"@id\":\"https:\\\/\\\/www.inmoweb.es\\\/blog\\\/#organization\"},\"image\":{\"@id\":\"https:\\\/\\\/www.inmoweb.es\\\/blog\\\/responsabilidad-civil-locativa\\\/#primaryimage\"},\"thumbnailUrl\":\"https:\\\/\\\/www.inmoweb.es\\\/blog\\\/wp-content\\\/uploads\\\/2025\\\/08\\\/Que-es-la-responsabilidad-civil-locativa.jpg\",\"articleSection\":[\"Legislaci\u00f3n y normativa\"],\"inLanguage\":\"es\",\"potentialAction\":[{\"@type\":\"CommentAction\",\"name\":\"Comment\",\"target\":[\"https:\\\/\\\/www.inmoweb.es\\\/blog\\\/responsabilidad-civil-locativa\\\/#respond\"]}]},{\"@type\":[\"WebPage\",\"ItemPage\"],\"@id\":\"https:\\\/\\\/www.inmoweb.es\\\/blog\\\/responsabilidad-civil-locativa\\\/\",\"url\":\"https:\\\/\\\/www.inmoweb.es\\\/blog\\\/responsabilidad-civil-locativa\\\/\",\"name\":\"\u25b7 \u00bfQu\u00e9 es la responsabilidad civil locativa?\",\"isPartOf\":{\"@id\":\"https:\\\/\\\/www.inmoweb.es\\\/blog\\\/#website\"},\"primaryImageOfPage\":{\"@id\":\"https:\\\/\\\/www.inmoweb.es\\\/blog\\\/responsabilidad-civil-locativa\\\/#primaryimage\"},\"image\":{\"@id\":\"https:\\\/\\\/www.inmoweb.es\\\/blog\\\/responsabilidad-civil-locativa\\\/#primaryimage\"},\"thumbnailUrl\":\"https:\\\/\\\/www.inmoweb.es\\\/blog\\\/wp-content\\\/uploads\\\/2025\\\/08\\\/Que-es-la-responsabilidad-civil-locativa.jpg\",\"datePublished\":\"2025-08-26T11:54:47+00:00\",\"dateModified\":\"2026-03-31T14:34:34+00:00\",\"description\":\"Descubre qu\u00e9 es la responsabilidad civil locativa y c\u00f3mo impacta en contratos de alquiler y gesti\u00f3n de inmuebles a propietarios e inquilino\",\"breadcrumb\":{\"@id\":\"https:\\\/\\\/www.inmoweb.es\\\/blog\\\/responsabilidad-civil-locativa\\\/#breadcrumb\"},\"inLanguage\":\"es\",\"potentialAction\":[{\"@type\":\"ReadAction\",\"target\":[\"https:\\\/\\\/www.inmoweb.es\\\/blog\\\/responsabilidad-civil-locativa\\\/\"]}]},{\"@type\":\"ImageObject\",\"inLanguage\":\"es\",\"@id\":\"https:\\\/\\\/www.inmoweb.es\\\/blog\\\/responsabilidad-civil-locativa\\\/#primaryimage\",\"url\":\"https:\\\/\\\/www.inmoweb.es\\\/blog\\\/wp-content\\\/uploads\\\/2025\\\/08\\\/Que-es-la-responsabilidad-civil-locativa.jpg\",\"contentUrl\":\"https:\\\/\\\/www.inmoweb.es\\\/blog\\\/wp-content\\\/uploads\\\/2025\\\/08\\\/Que-es-la-responsabilidad-civil-locativa.jpg\",\"width\":1200,\"height\":800,\"caption\":\"Qu\u00e9 es la responsabilidad civil locativa\"},{\"@type\":\"BreadcrumbList\",\"@id\":\"https:\\\/\\\/www.inmoweb.es\\\/blog\\\/responsabilidad-civil-locativa\\\/#breadcrumb\",\"itemListElement\":[{\"@type\":\"ListItem\",\"position\":1,\"name\":\"Blog\",\"item\":\"https:\\\/\\\/www.inmoweb.es\\\/blog\\\/\"},{\"@type\":\"ListItem\",\"position\":2,\"name\":\"\u00bfQu\u00e9 es la responsabilidad civil locativa?\"}]},{\"@type\":\"WebSite\",\"@id\":\"https:\\\/\\\/www.inmoweb.es\\\/blog\\\/#website\",\"url\":\"https:\\\/\\\/www.inmoweb.es\\\/blog\\\/\",\"name\":\"Blog de Inmoweb\",\"description\":\"El blog de Inmoweb, tu CRM Inmobiliario.\",\"publisher\":{\"@id\":\"https:\\\/\\\/www.inmoweb.es\\\/blog\\\/#organization\"},\"alternateName\":\"Blog de Inmoweb.es\",\"potentialAction\":[{\"@type\":\"SearchAction\",\"target\":{\"@type\":\"EntryPoint\",\"urlTemplate\":\"https:\\\/\\\/www.inmoweb.es\\\/blog\\\/?s={search_term_string}\"},\"query-input\":{\"@type\":\"PropertyValueSpecification\",\"valueRequired\":true,\"valueName\":\"search_term_string\"}}],\"inLanguage\":\"es\"},{\"@type\":\"Organization\",\"@id\":\"https:\\\/\\\/www.inmoweb.es\\\/blog\\\/#organization\",\"name\":\"Inmoweb\",\"alternateName\":\"Blog de Inmoweb\",\"url\":\"https:\\\/\\\/www.inmoweb.es\\\/blog\\\/\",\"logo\":{\"@type\":\"ImageObject\",\"inLanguage\":\"es\",\"@id\":\"https:\\\/\\\/www.inmoweb.es\\\/blog\\\/#\\\/schema\\\/logo\\\/image\\\/\",\"url\":\"https:\\\/\\\/www.inmoweb.es\\\/blog\\\/wp-content\\\/uploads\\\/2020\\\/06\\\/cropped-logo-4.png\",\"contentUrl\":\"https:\\\/\\\/www.inmoweb.es\\\/blog\\\/wp-content\\\/uploads\\\/2020\\\/06\\\/cropped-logo-4.png\",\"width\":928,\"height\":250,\"caption\":\"Inmoweb\"},\"image\":{\"@id\":\"https:\\\/\\\/www.inmoweb.es\\\/blog\\\/#\\\/schema\\\/logo\\\/image\\\/\"},\"sameAs\":[\"https:\\\/\\\/www.facebook.com\\\/inmoweb\",\"https:\\\/\\\/x.com\\\/inmowebES\",\"https:\\\/\\\/www.instagram.com\\\/inmoweb.es\\\/\",\"https:\\\/\\\/www.linkedin.com\\\/company\\\/inmoweb\"]},{\"@type\":\"Person\",\"@id\":\"https:\\\/\\\/www.inmoweb.es\\\/blog\\\/#\\\/schema\\\/person\\\/3a7b8e9fd5d5cb0ac726a5b555514db7\",\"name\":\"Asier Hern\u00e1ndez\",\"image\":{\"@type\":\"ImageObject\",\"inLanguage\":\"es\",\"@id\":\"https:\\\/\\\/secure.gravatar.com\\\/avatar\\\/13f134f67e679dfee6248c0d49b645aa5894875b18543bfb9569ca1e06af38d7?s=96&d=mm&r=g\",\"url\":\"https:\\\/\\\/secure.gravatar.com\\\/avatar\\\/13f134f67e679dfee6248c0d49b645aa5894875b18543bfb9569ca1e06af38d7?s=96&d=mm&r=g\",\"contentUrl\":\"https:\\\/\\\/secure.gravatar.com\\\/avatar\\\/13f134f67e679dfee6248c0d49b645aa5894875b18543bfb9569ca1e06af38d7?s=96&d=mm&r=g\",\"caption\":\"Asier Hern\u00e1ndez\"},\"description\":\"M\u00e1s de 25 a\u00f1os de experiencia en el desarrollo de tecnolog\u00eda, productos digitales y plataformas SaaS, con una trayectoria centrada en la creaci\u00f3n y evoluci\u00f3n de soluciones tecnol\u00f3gicas orientadas a negocio. Especializado en desarrollo web, arquitectura de software y gesti\u00f3n de productos digitales, cuenta con amplios conocimientos tanto en programaci\u00f3n frontend como backend, as\u00ed como en \u00e1reas clave del ecosistema digital como SEO, DNS, cloud hosting, SEM, prototipado y dise\u00f1o de producto. Esta combinaci\u00f3n de capacidades t\u00e9cnicas y estrat\u00e9gicas le ha permitido participar activamente en el dise\u00f1o, desarrollo y escalado de plataformas digitales utilizadas por miles de usuarios. A lo largo de su carrera ha acumulado una s\u00f3lida experiencia en gesti\u00f3n y liderazgo de equipos, con m\u00e1s de diez a\u00f1os dirigiendo equipos comerciales y equipos de desarrollo, coordinando perfiles t\u00e9cnicos y de negocio para impulsar el crecimiento de productos digitales y servicios SaaS. Especialista en el ecosistema de soluciones de Google, con amplia experiencia en infraestructuras web, servicios cloud y herramientas digitales, y usuario habitual del entorno Apple, mantiene un inter\u00e9s constante por la innovaci\u00f3n tecnol\u00f3gica y la evoluci\u00f3n de los modelos de negocio basados en software. Su perfil se caracteriza por una visi\u00f3n multidisciplinar, orientaci\u00f3n a producto y fuerte implicaci\u00f3n en los proyectos, combinando experiencia t\u00e9cnica, estrategia digital y enfoque en la mejora continua de plataformas tecnol\u00f3gicas.\",\"sameAs\":[\"http:\\\/\\\/blog.inmoweb.es\",\"https:\\\/\\\/www.linkedin.com\\\/in\\\/assier\\\/\"],\"url\":\"https:\\\/\\\/www.inmoweb.es\\\/blog\\\/author\\\/asier\\\/\"}]}<\/script>\n<!-- \/ Yoast SEO plugin. -->","yoast_head_json":{"title":"\u25b7 \u00bfQu\u00e9 es la responsabilidad civil locativa?","description":"Descubre qu\u00e9 es la responsabilidad civil locativa y c\u00f3mo impacta en contratos de alquiler y gesti\u00f3n de inmuebles a propietarios e inquilino","robots":{"index":"index","follow":"follow","max-snippet":"max-snippet:-1","max-image-preview":"max-image-preview:large","max-video-preview":"max-video-preview:-1"},"canonical":"https:\/\/www.inmoweb.es\/blog\/responsabilidad-civil-locativa\/","og_locale":"es_ES","og_type":"article","og_title":"\u25b7 \u00bfQu\u00e9 es la responsabilidad civil locativa?","og_description":"Descubre qu\u00e9 es la responsabilidad civil locativa y c\u00f3mo impacta en contratos de alquiler y gesti\u00f3n de inmuebles a propietarios e inquilino","og_url":"https:\/\/www.inmoweb.es\/blog\/responsabilidad-civil-locativa\/","og_site_name":"Inmoweb Blog","article_publisher":"https:\/\/www.facebook.com\/inmoweb","article_published_time":"2025-08-26T11:54:47+00:00","article_modified_time":"2026-03-31T14:34:34+00:00","og_image":[{"width":1200,"height":800,"url":"https:\/\/www.inmoweb.es\/blog\/wp-content\/uploads\/2025\/08\/Que-es-la-responsabilidad-civil-locativa.jpg","type":"image\/jpeg"}],"author":"Asier Hern\u00e1ndez","twitter_card":"summary_large_image","twitter_creator":"@inmowebES","twitter_site":"@inmowebES","twitter_misc":{"Escrito por":"Asier Hern\u00e1ndez","Tiempo de lectura":"4 minutos"},"schema":{"@context":"https:\/\/schema.org","@graph":[{"@type":["Article","BlogPosting"],"@id":"https:\/\/www.inmoweb.es\/blog\/responsabilidad-civil-locativa\/#article","isPartOf":{"@id":"https:\/\/www.inmoweb.es\/blog\/responsabilidad-civil-locativa\/"},"author":{"name":"Asier Hern\u00e1ndez","@id":"https:\/\/www.inmoweb.es\/blog\/#\/schema\/person\/3a7b8e9fd5d5cb0ac726a5b555514db7"},"headline":"\u00bfQu\u00e9 es la responsabilidad civil locativa?","datePublished":"2025-08-26T11:54:47+00:00","dateModified":"2026-03-31T14:34:34+00:00","mainEntityOfPage":{"@id":"https:\/\/www.inmoweb.es\/blog\/responsabilidad-civil-locativa\/"},"wordCount":730,"commentCount":0,"publisher":{"@id":"https:\/\/www.inmoweb.es\/blog\/#organization"},"image":{"@id":"https:\/\/www.inmoweb.es\/blog\/responsabilidad-civil-locativa\/#primaryimage"},"thumbnailUrl":"https:\/\/www.inmoweb.es\/blog\/wp-content\/uploads\/2025\/08\/Que-es-la-responsabilidad-civil-locativa.jpg","articleSection":["Legislaci\u00f3n y normativa"],"inLanguage":"es","potentialAction":[{"@type":"CommentAction","name":"Comment","target":["https:\/\/www.inmoweb.es\/blog\/responsabilidad-civil-locativa\/#respond"]}]},{"@type":["WebPage","ItemPage"],"@id":"https:\/\/www.inmoweb.es\/blog\/responsabilidad-civil-locativa\/","url":"https:\/\/www.inmoweb.es\/blog\/responsabilidad-civil-locativa\/","name":"\u25b7 \u00bfQu\u00e9 es la responsabilidad civil locativa?","isPartOf":{"@id":"https:\/\/www.inmoweb.es\/blog\/#website"},"primaryImageOfPage":{"@id":"https:\/\/www.inmoweb.es\/blog\/responsabilidad-civil-locativa\/#primaryimage"},"image":{"@id":"https:\/\/www.inmoweb.es\/blog\/responsabilidad-civil-locativa\/#primaryimage"},"thumbnailUrl":"https:\/\/www.inmoweb.es\/blog\/wp-content\/uploads\/2025\/08\/Que-es-la-responsabilidad-civil-locativa.jpg","datePublished":"2025-08-26T11:54:47+00:00","dateModified":"2026-03-31T14:34:34+00:00","description":"Descubre qu\u00e9 es la responsabilidad civil locativa y c\u00f3mo impacta en contratos de alquiler y gesti\u00f3n de inmuebles a propietarios e inquilino","breadcrumb":{"@id":"https:\/\/www.inmoweb.es\/blog\/responsabilidad-civil-locativa\/#breadcrumb"},"inLanguage":"es","potentialAction":[{"@type":"ReadAction","target":["https:\/\/www.inmoweb.es\/blog\/responsabilidad-civil-locativa\/"]}]},{"@type":"ImageObject","inLanguage":"es","@id":"https:\/\/www.inmoweb.es\/blog\/responsabilidad-civil-locativa\/#primaryimage","url":"https:\/\/www.inmoweb.es\/blog\/wp-content\/uploads\/2025\/08\/Que-es-la-responsabilidad-civil-locativa.jpg","contentUrl":"https:\/\/www.inmoweb.es\/blog\/wp-content\/uploads\/2025\/08\/Que-es-la-responsabilidad-civil-locativa.jpg","width":1200,"height":800,"caption":"Qu\u00e9 es la responsabilidad civil locativa"},{"@type":"BreadcrumbList","@id":"https:\/\/www.inmoweb.es\/blog\/responsabilidad-civil-locativa\/#breadcrumb","itemListElement":[{"@type":"ListItem","position":1,"name":"Blog","item":"https:\/\/www.inmoweb.es\/blog\/"},{"@type":"ListItem","position":2,"name":"\u00bfQu\u00e9 es la responsabilidad civil locativa?"}]},{"@type":"WebSite","@id":"https:\/\/www.inmoweb.es\/blog\/#website","url":"https:\/\/www.inmoweb.es\/blog\/","name":"Blog de Inmoweb","description":"El blog de Inmoweb, tu CRM Inmobiliario.","publisher":{"@id":"https:\/\/www.inmoweb.es\/blog\/#organization"},"alternateName":"Blog de Inmoweb.es","potentialAction":[{"@type":"SearchAction","target":{"@type":"EntryPoint","urlTemplate":"https:\/\/www.inmoweb.es\/blog\/?s={search_term_string}"},"query-input":{"@type":"PropertyValueSpecification","valueRequired":true,"valueName":"search_term_string"}}],"inLanguage":"es"},{"@type":"Organization","@id":"https:\/\/www.inmoweb.es\/blog\/#organization","name":"Inmoweb","alternateName":"Blog de Inmoweb","url":"https:\/\/www.inmoweb.es\/blog\/","logo":{"@type":"ImageObject","inLanguage":"es","@id":"https:\/\/www.inmoweb.es\/blog\/#\/schema\/logo\/image\/","url":"https:\/\/www.inmoweb.es\/blog\/wp-content\/uploads\/2020\/06\/cropped-logo-4.png","contentUrl":"https:\/\/www.inmoweb.es\/blog\/wp-content\/uploads\/2020\/06\/cropped-logo-4.png","width":928,"height":250,"caption":"Inmoweb"},"image":{"@id":"https:\/\/www.inmoweb.es\/blog\/#\/schema\/logo\/image\/"},"sameAs":["https:\/\/www.facebook.com\/inmoweb","https:\/\/x.com\/inmowebES","https:\/\/www.instagram.com\/inmoweb.es\/","https:\/\/www.linkedin.com\/company\/inmoweb"]},{"@type":"Person","@id":"https:\/\/www.inmoweb.es\/blog\/#\/schema\/person\/3a7b8e9fd5d5cb0ac726a5b555514db7","name":"Asier Hern\u00e1ndez","image":{"@type":"ImageObject","inLanguage":"es","@id":"https:\/\/secure.gravatar.com\/avatar\/13f134f67e679dfee6248c0d49b645aa5894875b18543bfb9569ca1e06af38d7?s=96&d=mm&r=g","url":"https:\/\/secure.gravatar.com\/avatar\/13f134f67e679dfee6248c0d49b645aa5894875b18543bfb9569ca1e06af38d7?s=96&d=mm&r=g","contentUrl":"https:\/\/secure.gravatar.com\/avatar\/13f134f67e679dfee6248c0d49b645aa5894875b18543bfb9569ca1e06af38d7?s=96&d=mm&r=g","caption":"Asier Hern\u00e1ndez"},"description":"M\u00e1s de 25 a\u00f1os de experiencia en el desarrollo de tecnolog\u00eda, productos digitales y plataformas SaaS, con una trayectoria centrada en la creaci\u00f3n y evoluci\u00f3n de soluciones tecnol\u00f3gicas orientadas a negocio. Especializado en desarrollo web, arquitectura de software y gesti\u00f3n de productos digitales, cuenta con amplios conocimientos tanto en programaci\u00f3n frontend como backend, as\u00ed como en \u00e1reas clave del ecosistema digital como SEO, DNS, cloud hosting, SEM, prototipado y dise\u00f1o de producto. Esta combinaci\u00f3n de capacidades t\u00e9cnicas y estrat\u00e9gicas le ha permitido participar activamente en el dise\u00f1o, desarrollo y escalado de plataformas digitales utilizadas por miles de usuarios. A lo largo de su carrera ha acumulado una s\u00f3lida experiencia en gesti\u00f3n y liderazgo de equipos, con m\u00e1s de diez a\u00f1os dirigiendo equipos comerciales y equipos de desarrollo, coordinando perfiles t\u00e9cnicos y de negocio para impulsar el crecimiento de productos digitales y servicios SaaS. Especialista en el ecosistema de soluciones de Google, con amplia experiencia en infraestructuras web, servicios cloud y herramientas digitales, y usuario habitual del entorno Apple, mantiene un inter\u00e9s constante por la innovaci\u00f3n tecnol\u00f3gica y la evoluci\u00f3n de los modelos de negocio basados en software. Su perfil se caracteriza por una visi\u00f3n multidisciplinar, orientaci\u00f3n a producto y fuerte implicaci\u00f3n en los proyectos, combinando experiencia t\u00e9cnica, estrategia digital y enfoque en la mejora continua de plataformas tecnol\u00f3gicas.","sameAs":["http:\/\/blog.inmoweb.es","https:\/\/www.linkedin.com\/in\/assier\/"],"url":"https:\/\/www.inmoweb.es\/blog\/author\/asier\/"}]}},"_links":{"self":[{"href":"https:\/\/www.inmoweb.es\/blog\/wp-json\/wp\/v2\/posts\/1506","targetHints":{"allow":["GET"]}}],"collection":[{"href":"https:\/\/www.inmoweb.es\/blog\/wp-json\/wp\/v2\/posts"}],"about":[{"href":"https:\/\/www.inmoweb.es\/blog\/wp-json\/wp\/v2\/types\/post"}],"author":[{"embeddable":true,"href":"https:\/\/www.inmoweb.es\/blog\/wp-json\/wp\/v2\/users\/1"}],"replies":[{"embeddable":true,"href":"https:\/\/www.inmoweb.es\/blog\/wp-json\/wp\/v2\/comments?post=1506"}],"version-history":[{"count":1,"href":"https:\/\/www.inmoweb.es\/blog\/wp-json\/wp\/v2\/posts\/1506\/revisions"}],"predecessor-version":[{"id":1508,"href":"https:\/\/www.inmoweb.es\/blog\/wp-json\/wp\/v2\/posts\/1506\/revisions\/1508"}],"wp:featuredmedia":[{"embeddable":true,"href":"https:\/\/www.inmoweb.es\/blog\/wp-json\/wp\/v2\/media\/1507"}],"wp:attachment":[{"href":"https:\/\/www.inmoweb.es\/blog\/wp-json\/wp\/v2\/media?parent=1506"}],"wp:term":[{"taxonomy":"category","embeddable":true,"href":"https:\/\/www.inmoweb.es\/blog\/wp-json\/wp\/v2\/categories?post=1506"},{"taxonomy":"post_tag","embeddable":true,"href":"https:\/\/www.inmoweb.es\/blog\/wp-json\/wp\/v2\/tags?post=1506"}],"curies":[{"name":"wp","href":"https:\/\/api.w.org\/{rel}","templated":true}]}}