{"id":1521,"date":"2025-09-30T11:31:22","date_gmt":"2025-09-30T11:31:22","guid":{"rendered":"https:\/\/www.inmoweb.es\/blog\/?p=1521"},"modified":"2026-03-31T14:34:34","modified_gmt":"2026-03-31T14:34:34","slug":"que-es-derecho-tanteo-retracto","status":"publish","type":"post","link":"https:\/\/www.inmoweb.es\/blog\/que-es-derecho-tanteo-retracto\/","title":{"rendered":"\u00bfQu\u00e9 es el derecho de tanteo y retracto?"},"content":{"rendered":"<p>Cuando un propietario decide vender un inmueble alquilado, el inquilino suele preguntarse si tiene alg\u00fan derecho preferente para adquirirlo antes que un tercero. Aqu\u00ed entran en juego dos figuras legales muy importantes: el <strong>derecho de tanteo y retracto<\/strong>. Ambos est\u00e1n pensados para proteger al arrendatario y garantizarle la posibilidad de comprar la vivienda en la que reside en condiciones preferentes. Entender c\u00f3mo funcionan es clave para no perder una oportunidad valiosa o para ejercerlos correctamente.<\/p>\n<p>En pocas palabras, el derecho de tanteo otorga al inquilino la prioridad de compra antes de que el propietario venda la vivienda a otra persona, mientras que el retracto le permite adquirirla en las mismas condiciones incluso despu\u00e9s de que ya se haya vendido. Pero, \u00bfcu\u00e1ndo se aplican, se pueden renunciar y tienen una duraci\u00f3n limitada? Vamos a verlo en detalle.<\/p>\n<div id=\"ez-toc-container\" class=\"ez-toc-v2_0_82_2 ez-toc-wrap-left counter-hierarchy ez-toc-counter ez-toc-grey ez-toc-container-direction\">\n<div class=\"ez-toc-title-container\">\n<p class=\"ez-toc-title\" style=\"cursor:inherit\">Tabla de contenidos<\/p>\n<span class=\"ez-toc-title-toggle\"><a href=\"#\" class=\"ez-toc-pull-right ez-toc-btn ez-toc-btn-xs ez-toc-btn-default ez-toc-toggle\" aria-label=\"Alternar tabla de contenidos\"><span class=\"ez-toc-js-icon-con\"><span class=\"\"><span class=\"eztoc-hide\" style=\"display:none;\">Toggle<\/span><span class=\"ez-toc-icon-toggle-span\"><svg style=\"fill: #999;color:#999\" xmlns=\"http:\/\/www.w3.org\/2000\/svg\" class=\"list-377408\" width=\"20px\" height=\"20px\" viewBox=\"0 0 24 24\" fill=\"none\"><path d=\"M6 6H4v2h2V6zm14 0H8v2h12V6zM4 11h2v2H4v-2zm16 0H8v2h12v-2zM4 16h2v2H4v-2zm16 0H8v2h12v-2z\" fill=\"currentColor\"><\/path><\/svg><svg style=\"fill: #999;color:#999\" class=\"arrow-unsorted-368013\" xmlns=\"http:\/\/www.w3.org\/2000\/svg\" width=\"10px\" height=\"10px\" viewBox=\"0 0 24 24\" version=\"1.2\" baseProfile=\"tiny\"><path d=\"M18.2 9.3l-6.2-6.3-6.2 6.3c-.2.2-.3.4-.3.7s.1.5.3.7c.2.2.4.3.7.3h11c.3 0 .5-.1.7-.3.2-.2.3-.5.3-.7s-.1-.5-.3-.7zM5.8 14.7l6.2 6.3 6.2-6.3c.2-.2.3-.5.3-.7s-.1-.5-.3-.7c-.2-.2-.4-.3-.7-.3h-11c-.3 0-.5.1-.7.3-.2.2-.3.5-.3.7s.1.5.3.7z\"\/><\/svg><\/span><\/span><\/span><\/a><\/span><\/div>\n<nav><ul class='ez-toc-list ez-toc-list-level-1 ' ><li class='ez-toc-page-1 ez-toc-heading-level-2'><a class=\"ez-toc-link ez-toc-heading-1\" href=\"https:\/\/www.inmoweb.es\/blog\/que-es-derecho-tanteo-retracto\/#%C2%BFCuando_se_aplica_el_derecho_de_tanteo_y_retracto\" >\u00bfCua\u0301ndo se aplica el derecho de tanteo y retracto?<\/a><\/li><li class='ez-toc-page-1 ez-toc-heading-level-2'><a class=\"ez-toc-link ez-toc-heading-2\" href=\"https:\/\/www.inmoweb.es\/blog\/que-es-derecho-tanteo-retracto\/#%C2%BFSe_puede_renunciar_al_derecho_de_tanteo_y_retracto\" >\u00bfSe puede renunciar al derecho de tanteo y retracto?<\/a><\/li><li class='ez-toc-page-1 ez-toc-heading-level-2'><a class=\"ez-toc-link ez-toc-heading-3\" href=\"https:\/\/www.inmoweb.es\/blog\/que-es-derecho-tanteo-retracto\/#%C2%BFTiene_caducidad_el_derecho_de_tanteo_y_retracto\" >\u00bfTiene caducidad el derecho de tanteo y retracto?<\/a><\/li><\/ul><\/nav><\/div>\n<h2><span class=\"ez-toc-section\" id=\"%C2%BFCuando_se_aplica_el_derecho_de_tanteo_y_retracto\"><\/span><strong>\u00bfCua\u0301ndo se aplica el derecho de tanteo y retracto?<\/strong><span class=\"ez-toc-section-end\"><\/span><\/h2>\n<p>El tanteo y retracto aparecen principalmente en contratos de arrendamiento de vivienda. La ley otorga al inquilino el derecho de tanteo para igualar la oferta que un tercero haga por la vivienda. En caso de que el propietario no lo comunique y venda directamente, el inquilino puede recurrir al derecho de retracto para subrogarse en la compra con las mismas condiciones acordadas.<\/p>\n<p>Este mecanismo busca evitar que el arrendatario se vea sorprendido por una venta inesperada. El <strong>derecho de tanteo y retracto del inquilino<\/strong> funciona como un escudo que le brinda prioridad, siempre que cumpla los requisitos legales y respete los plazos.<\/p>\n<p>Un ejemplo com\u00fan se da en el <strong>derecho de tanteo y retracto en alquiler<\/strong>, donde el inquilino puede ejercer su preferencia frente a posibles compradores externos. Es importante destacar que estos derechos se aplican salvo que el contrato de arrendamiento establezca expresamente lo contrario o la ley disponga alguna excepci\u00f3n.<\/p>\n<h2><span class=\"ez-toc-section\" id=\"%C2%BFSe_puede_renunciar_al_derecho_de_tanteo_y_retracto\"><\/span><strong>\u00bfSe puede renunciar al derecho de tanteo y retracto?<\/strong><span class=\"ez-toc-section-end\"><\/span><\/h2>\n<p>S\u00ed, es posible renunciar. La legislaci\u00f3n permite que las partes pacten la exclusi\u00f3n del tanteo y retracto en el contrato de arrendamiento. Muchos propietarios, al firmar un alquiler, incluyen una cl\u00e1usula en la que el inquilino renuncia a estos derechos, ya que prefieren tener plena libertad para vender en el futuro.<\/p>\n<p>Ahora bien, si no existe renuncia expresa y el contrato se encuentra dentro de los supuestos legales, el arrendatario mantiene intacta su prioridad. Por eso es fundamental leer con detalle las condiciones del contrato antes de firmar: la renuncia es legal, pero debe quedar claramente recogida por escrito.<\/p>\n<h2><span class=\"ez-toc-section\" id=\"%C2%BFTiene_caducidad_el_derecho_de_tanteo_y_retracto\"><\/span><strong>\u00bfTiene caducidad el derecho de tanteo y retracto?<\/strong><span class=\"ez-toc-section-end\"><\/span><\/h2>\n<p>S\u00ed, estos derechos no son indefinidos. El inquilino dispone de plazos concretos para ejercerlos.<\/p>\n<ul>\n<li>Para el tanteo, el arrendador debe notificar por escrito su intenci\u00f3n de vender, indicando precio y condiciones. Desde ese momento, el arrendatario tiene un periodo de 30 d\u00edas naturales para decidir si compra o no.<\/li>\n<li>Para el retracto, el inquilino cuenta tambi\u00e9n con 30 d\u00edas naturales desde que recibe la notificaci\u00f3n de la venta realizada para ejercer su derecho.<\/li>\n<\/ul>\n<p>De no actuar en esos plazos, el derecho caduca y el propietario puede consolidar la operaci\u00f3n con el comprador. Esto se conoce como la <strong>caducidad del derecho de tanteo y retracto<\/strong> y es un aspecto esencial, ya que muchos arrendatarios pierden la posibilidad por no estar atentos a los tiempos.<\/p>\n<p>En definitiva, conocer en profundidad estas figuras legales ayuda tanto a inquilinos como a propietarios a tomar decisiones informadas y evitar conflictos futuros. Si eres un propietario que gestiona varias propiedades o un agente inmobiliario, podr\u00edas considerar integrar un <a href=\"https:\/\/www.inmoweb.es\/crm-inmobiliario\/\">crm inmobiliario<\/a> para gestionar de manera m\u00e1s eficiente estos procesos legales y comerciales.<\/p>\n","protected":false},"excerpt":{"rendered":"<p>Cuando un propietario decide vender un inmueble alquilado, el inquilino suele preguntarse si tiene alg\u00fan derecho preferente para adquirirlo antes que un tercero. Aqu\u00ed entran en juego dos figuras legales muy importantes: el derecho de tanteo y retracto. Ambos est\u00e1n pensados para proteger al arrendatario y garantizarle la posibilidad de comprar la vivienda en la [&hellip;]<\/p>\n","protected":false},"author":1,"featured_media":1523,"comment_status":"open","ping_status":"open","sticky":false,"template":"","format":"standard","meta":{"_acf_changed":false,"_monsterinsights_skip_tracking":false,"_monsterinsights_sitenote_active":false,"_monsterinsights_sitenote_note":"","_monsterinsights_sitenote_category":0,"footnotes":""},"categories":[161],"tags":[],"class_list":["post-1521","post","type-post","status-publish","format-standard","has-post-thumbnail","hentry","category-legislacion-normativa"],"acf":[],"yoast_head":"<!-- This site is optimized with the Yoast SEO plugin v27.3 - https:\/\/yoast.com\/product\/yoast-seo-wordpress\/ -->\n<title>\u25b7 \u00bfQu\u00e9 es el derecho de tanteo y retracto?<\/title>\n<meta name=\"description\" content=\"Descubre qu\u00e9 es el derecho de tanteo y retracto, c\u00f3mo se aplica en alquiler y si tiene caducidad. Inf\u00f3rmate sobre tus derechos como inquilino.\" \/>\n<meta name=\"robots\" content=\"index, follow, max-snippet:-1, max-image-preview:large, max-video-preview:-1\" \/>\n<link rel=\"canonical\" href=\"https:\/\/www.inmoweb.es\/blog\/que-es-derecho-tanteo-retracto\/\" \/>\n<meta property=\"og:locale\" content=\"es_ES\" \/>\n<meta property=\"og:type\" content=\"article\" \/>\n<meta property=\"og:title\" content=\"\u25b7 \u00bfQu\u00e9 es el derecho de tanteo y retracto?\" \/>\n<meta property=\"og:description\" content=\"Descubre qu\u00e9 es el derecho de tanteo y retracto, c\u00f3mo se aplica en alquiler y si tiene caducidad. Inf\u00f3rmate sobre tus derechos como inquilino.\" \/>\n<meta property=\"og:url\" content=\"https:\/\/www.inmoweb.es\/blog\/que-es-derecho-tanteo-retracto\/\" \/>\n<meta property=\"og:site_name\" content=\"Inmoweb Blog\" \/>\n<meta property=\"article:publisher\" content=\"https:\/\/www.facebook.com\/inmoweb\" \/>\n<meta property=\"article:published_time\" content=\"2025-09-30T11:31:22+00:00\" \/>\n<meta property=\"article:modified_time\" content=\"2026-03-31T14:34:34+00:00\" \/>\n<meta property=\"og:image\" content=\"https:\/\/www.inmoweb.es\/blog\/wp-content\/uploads\/2025\/09\/AdobeStock_575917494-1.jpeg\" \/>\n\t<meta property=\"og:image:width\" content=\"1200\" \/>\n\t<meta property=\"og:image:height\" content=\"800\" \/>\n\t<meta property=\"og:image:type\" content=\"image\/jpeg\" \/>\n<meta name=\"author\" content=\"Asier Hern\u00e1ndez\" \/>\n<meta name=\"twitter:card\" content=\"summary_large_image\" \/>\n<meta name=\"twitter:creator\" content=\"@inmowebES\" \/>\n<meta name=\"twitter:site\" content=\"@inmowebES\" \/>\n<meta name=\"twitter:label1\" content=\"Escrito por\" \/>\n\t<meta name=\"twitter:data1\" content=\"Asier Hern\u00e1ndez\" \/>\n\t<meta name=\"twitter:label2\" content=\"Tiempo de lectura\" \/>\n\t<meta name=\"twitter:data2\" content=\"3 minutos\" \/>\n<script type=\"application\/ld+json\" class=\"yoast-schema-graph\">{\"@context\":\"https:\\\/\\\/schema.org\",\"@graph\":[{\"@type\":[\"Article\",\"BlogPosting\"],\"@id\":\"https:\\\/\\\/www.inmoweb.es\\\/blog\\\/que-es-derecho-tanteo-retracto\\\/#article\",\"isPartOf\":{\"@id\":\"https:\\\/\\\/www.inmoweb.es\\\/blog\\\/que-es-derecho-tanteo-retracto\\\/\"},\"author\":{\"name\":\"Asier Hern\u00e1ndez\",\"@id\":\"https:\\\/\\\/www.inmoweb.es\\\/blog\\\/#\\\/schema\\\/person\\\/3a7b8e9fd5d5cb0ac726a5b555514db7\"},\"headline\":\"\u00bfQu\u00e9 es el derecho de tanteo y retracto?\",\"datePublished\":\"2025-09-30T11:31:22+00:00\",\"dateModified\":\"2026-03-31T14:34:34+00:00\",\"mainEntityOfPage\":{\"@id\":\"https:\\\/\\\/www.inmoweb.es\\\/blog\\\/que-es-derecho-tanteo-retracto\\\/\"},\"wordCount\":614,\"commentCount\":0,\"publisher\":{\"@id\":\"https:\\\/\\\/www.inmoweb.es\\\/blog\\\/#organization\"},\"image\":{\"@id\":\"https:\\\/\\\/www.inmoweb.es\\\/blog\\\/que-es-derecho-tanteo-retracto\\\/#primaryimage\"},\"thumbnailUrl\":\"https:\\\/\\\/www.inmoweb.es\\\/blog\\\/wp-content\\\/uploads\\\/2025\\\/09\\\/AdobeStock_575917494-1.jpeg\",\"articleSection\":[\"Legislaci\u00f3n y normativa\"],\"inLanguage\":\"es\",\"potentialAction\":[{\"@type\":\"CommentAction\",\"name\":\"Comment\",\"target\":[\"https:\\\/\\\/www.inmoweb.es\\\/blog\\\/que-es-derecho-tanteo-retracto\\\/#respond\"]}]},{\"@type\":[\"WebPage\",\"ItemPage\"],\"@id\":\"https:\\\/\\\/www.inmoweb.es\\\/blog\\\/que-es-derecho-tanteo-retracto\\\/\",\"url\":\"https:\\\/\\\/www.inmoweb.es\\\/blog\\\/que-es-derecho-tanteo-retracto\\\/\",\"name\":\"\u25b7 \u00bfQu\u00e9 es el derecho de tanteo y retracto?\",\"isPartOf\":{\"@id\":\"https:\\\/\\\/www.inmoweb.es\\\/blog\\\/#website\"},\"primaryImageOfPage\":{\"@id\":\"https:\\\/\\\/www.inmoweb.es\\\/blog\\\/que-es-derecho-tanteo-retracto\\\/#primaryimage\"},\"image\":{\"@id\":\"https:\\\/\\\/www.inmoweb.es\\\/blog\\\/que-es-derecho-tanteo-retracto\\\/#primaryimage\"},\"thumbnailUrl\":\"https:\\\/\\\/www.inmoweb.es\\\/blog\\\/wp-content\\\/uploads\\\/2025\\\/09\\\/AdobeStock_575917494-1.jpeg\",\"datePublished\":\"2025-09-30T11:31:22+00:00\",\"dateModified\":\"2026-03-31T14:34:34+00:00\",\"description\":\"Descubre qu\u00e9 es el derecho de tanteo y retracto, c\u00f3mo se aplica en alquiler y si tiene caducidad. Inf\u00f3rmate sobre tus derechos como inquilino.\",\"breadcrumb\":{\"@id\":\"https:\\\/\\\/www.inmoweb.es\\\/blog\\\/que-es-derecho-tanteo-retracto\\\/#breadcrumb\"},\"inLanguage\":\"es\",\"potentialAction\":[{\"@type\":\"ReadAction\",\"target\":[\"https:\\\/\\\/www.inmoweb.es\\\/blog\\\/que-es-derecho-tanteo-retracto\\\/\"]}]},{\"@type\":\"ImageObject\",\"inLanguage\":\"es\",\"@id\":\"https:\\\/\\\/www.inmoweb.es\\\/blog\\\/que-es-derecho-tanteo-retracto\\\/#primaryimage\",\"url\":\"https:\\\/\\\/www.inmoweb.es\\\/blog\\\/wp-content\\\/uploads\\\/2025\\\/09\\\/AdobeStock_575917494-1.jpeg\",\"contentUrl\":\"https:\\\/\\\/www.inmoweb.es\\\/blog\\\/wp-content\\\/uploads\\\/2025\\\/09\\\/AdobeStock_575917494-1.jpeg\",\"width\":1200,\"height\":800,\"caption\":\"que es el derecho de tanteo y retracto\"},{\"@type\":\"BreadcrumbList\",\"@id\":\"https:\\\/\\\/www.inmoweb.es\\\/blog\\\/que-es-derecho-tanteo-retracto\\\/#breadcrumb\",\"itemListElement\":[{\"@type\":\"ListItem\",\"position\":1,\"name\":\"Blog\",\"item\":\"https:\\\/\\\/www.inmoweb.es\\\/blog\\\/\"},{\"@type\":\"ListItem\",\"position\":2,\"name\":\"\u00bfQu\u00e9 es el derecho de tanteo y retracto?\"}]},{\"@type\":\"WebSite\",\"@id\":\"https:\\\/\\\/www.inmoweb.es\\\/blog\\\/#website\",\"url\":\"https:\\\/\\\/www.inmoweb.es\\\/blog\\\/\",\"name\":\"Blog de Inmoweb\",\"description\":\"El blog de Inmoweb, tu CRM Inmobiliario.\",\"publisher\":{\"@id\":\"https:\\\/\\\/www.inmoweb.es\\\/blog\\\/#organization\"},\"alternateName\":\"Blog de Inmoweb.es\",\"potentialAction\":[{\"@type\":\"SearchAction\",\"target\":{\"@type\":\"EntryPoint\",\"urlTemplate\":\"https:\\\/\\\/www.inmoweb.es\\\/blog\\\/?s={search_term_string}\"},\"query-input\":{\"@type\":\"PropertyValueSpecification\",\"valueRequired\":true,\"valueName\":\"search_term_string\"}}],\"inLanguage\":\"es\"},{\"@type\":\"Organization\",\"@id\":\"https:\\\/\\\/www.inmoweb.es\\\/blog\\\/#organization\",\"name\":\"Inmoweb\",\"alternateName\":\"Blog de Inmoweb\",\"url\":\"https:\\\/\\\/www.inmoweb.es\\\/blog\\\/\",\"logo\":{\"@type\":\"ImageObject\",\"inLanguage\":\"es\",\"@id\":\"https:\\\/\\\/www.inmoweb.es\\\/blog\\\/#\\\/schema\\\/logo\\\/image\\\/\",\"url\":\"https:\\\/\\\/www.inmoweb.es\\\/blog\\\/wp-content\\\/uploads\\\/2020\\\/06\\\/cropped-logo-4.png\",\"contentUrl\":\"https:\\\/\\\/www.inmoweb.es\\\/blog\\\/wp-content\\\/uploads\\\/2020\\\/06\\\/cropped-logo-4.png\",\"width\":928,\"height\":250,\"caption\":\"Inmoweb\"},\"image\":{\"@id\":\"https:\\\/\\\/www.inmoweb.es\\\/blog\\\/#\\\/schema\\\/logo\\\/image\\\/\"},\"sameAs\":[\"https:\\\/\\\/www.facebook.com\\\/inmoweb\",\"https:\\\/\\\/x.com\\\/inmowebES\",\"https:\\\/\\\/www.instagram.com\\\/inmoweb.es\\\/\",\"https:\\\/\\\/www.linkedin.com\\\/company\\\/inmoweb\"]},{\"@type\":\"Person\",\"@id\":\"https:\\\/\\\/www.inmoweb.es\\\/blog\\\/#\\\/schema\\\/person\\\/3a7b8e9fd5d5cb0ac726a5b555514db7\",\"name\":\"Asier Hern\u00e1ndez\",\"image\":{\"@type\":\"ImageObject\",\"inLanguage\":\"es\",\"@id\":\"https:\\\/\\\/secure.gravatar.com\\\/avatar\\\/13f134f67e679dfee6248c0d49b645aa5894875b18543bfb9569ca1e06af38d7?s=96&d=mm&r=g\",\"url\":\"https:\\\/\\\/secure.gravatar.com\\\/avatar\\\/13f134f67e679dfee6248c0d49b645aa5894875b18543bfb9569ca1e06af38d7?s=96&d=mm&r=g\",\"contentUrl\":\"https:\\\/\\\/secure.gravatar.com\\\/avatar\\\/13f134f67e679dfee6248c0d49b645aa5894875b18543bfb9569ca1e06af38d7?s=96&d=mm&r=g\",\"caption\":\"Asier Hern\u00e1ndez\"},\"description\":\"M\u00e1s de 25 a\u00f1os de experiencia en el desarrollo de tecnolog\u00eda, productos digitales y plataformas SaaS, con una trayectoria centrada en la creaci\u00f3n y evoluci\u00f3n de soluciones tecnol\u00f3gicas orientadas a negocio. Especializado en desarrollo web, arquitectura de software y gesti\u00f3n de productos digitales, cuenta con amplios conocimientos tanto en programaci\u00f3n frontend como backend, as\u00ed como en \u00e1reas clave del ecosistema digital como SEO, DNS, cloud hosting, SEM, prototipado y dise\u00f1o de producto. Esta combinaci\u00f3n de capacidades t\u00e9cnicas y estrat\u00e9gicas le ha permitido participar activamente en el dise\u00f1o, desarrollo y escalado de plataformas digitales utilizadas por miles de usuarios. A lo largo de su carrera ha acumulado una s\u00f3lida experiencia en gesti\u00f3n y liderazgo de equipos, con m\u00e1s de diez a\u00f1os dirigiendo equipos comerciales y equipos de desarrollo, coordinando perfiles t\u00e9cnicos y de negocio para impulsar el crecimiento de productos digitales y servicios SaaS. Especialista en el ecosistema de soluciones de Google, con amplia experiencia en infraestructuras web, servicios cloud y herramientas digitales, y usuario habitual del entorno Apple, mantiene un inter\u00e9s constante por la innovaci\u00f3n tecnol\u00f3gica y la evoluci\u00f3n de los modelos de negocio basados en software. Su perfil se caracteriza por una visi\u00f3n multidisciplinar, orientaci\u00f3n a producto y fuerte implicaci\u00f3n en los proyectos, combinando experiencia t\u00e9cnica, estrategia digital y enfoque en la mejora continua de plataformas tecnol\u00f3gicas.\",\"sameAs\":[\"http:\\\/\\\/blog.inmoweb.es\",\"https:\\\/\\\/www.linkedin.com\\\/in\\\/assier\\\/\"],\"url\":\"https:\\\/\\\/www.inmoweb.es\\\/blog\\\/author\\\/asier\\\/\"}]}<\/script>\n<!-- \/ Yoast SEO plugin. -->","yoast_head_json":{"title":"\u25b7 \u00bfQu\u00e9 es el derecho de tanteo y retracto?","description":"Descubre qu\u00e9 es el derecho de tanteo y retracto, c\u00f3mo se aplica en alquiler y si tiene caducidad. Inf\u00f3rmate sobre tus derechos como inquilino.","robots":{"index":"index","follow":"follow","max-snippet":"max-snippet:-1","max-image-preview":"max-image-preview:large","max-video-preview":"max-video-preview:-1"},"canonical":"https:\/\/www.inmoweb.es\/blog\/que-es-derecho-tanteo-retracto\/","og_locale":"es_ES","og_type":"article","og_title":"\u25b7 \u00bfQu\u00e9 es el derecho de tanteo y retracto?","og_description":"Descubre qu\u00e9 es el derecho de tanteo y retracto, c\u00f3mo se aplica en alquiler y si tiene caducidad. Inf\u00f3rmate sobre tus derechos como inquilino.","og_url":"https:\/\/www.inmoweb.es\/blog\/que-es-derecho-tanteo-retracto\/","og_site_name":"Inmoweb Blog","article_publisher":"https:\/\/www.facebook.com\/inmoweb","article_published_time":"2025-09-30T11:31:22+00:00","article_modified_time":"2026-03-31T14:34:34+00:00","og_image":[{"width":1200,"height":800,"url":"https:\/\/www.inmoweb.es\/blog\/wp-content\/uploads\/2025\/09\/AdobeStock_575917494-1.jpeg","type":"image\/jpeg"}],"author":"Asier Hern\u00e1ndez","twitter_card":"summary_large_image","twitter_creator":"@inmowebES","twitter_site":"@inmowebES","twitter_misc":{"Escrito por":"Asier Hern\u00e1ndez","Tiempo de lectura":"3 minutos"},"schema":{"@context":"https:\/\/schema.org","@graph":[{"@type":["Article","BlogPosting"],"@id":"https:\/\/www.inmoweb.es\/blog\/que-es-derecho-tanteo-retracto\/#article","isPartOf":{"@id":"https:\/\/www.inmoweb.es\/blog\/que-es-derecho-tanteo-retracto\/"},"author":{"name":"Asier Hern\u00e1ndez","@id":"https:\/\/www.inmoweb.es\/blog\/#\/schema\/person\/3a7b8e9fd5d5cb0ac726a5b555514db7"},"headline":"\u00bfQu\u00e9 es el derecho de tanteo y retracto?","datePublished":"2025-09-30T11:31:22+00:00","dateModified":"2026-03-31T14:34:34+00:00","mainEntityOfPage":{"@id":"https:\/\/www.inmoweb.es\/blog\/que-es-derecho-tanteo-retracto\/"},"wordCount":614,"commentCount":0,"publisher":{"@id":"https:\/\/www.inmoweb.es\/blog\/#organization"},"image":{"@id":"https:\/\/www.inmoweb.es\/blog\/que-es-derecho-tanteo-retracto\/#primaryimage"},"thumbnailUrl":"https:\/\/www.inmoweb.es\/blog\/wp-content\/uploads\/2025\/09\/AdobeStock_575917494-1.jpeg","articleSection":["Legislaci\u00f3n y normativa"],"inLanguage":"es","potentialAction":[{"@type":"CommentAction","name":"Comment","target":["https:\/\/www.inmoweb.es\/blog\/que-es-derecho-tanteo-retracto\/#respond"]}]},{"@type":["WebPage","ItemPage"],"@id":"https:\/\/www.inmoweb.es\/blog\/que-es-derecho-tanteo-retracto\/","url":"https:\/\/www.inmoweb.es\/blog\/que-es-derecho-tanteo-retracto\/","name":"\u25b7 \u00bfQu\u00e9 es el derecho de tanteo y retracto?","isPartOf":{"@id":"https:\/\/www.inmoweb.es\/blog\/#website"},"primaryImageOfPage":{"@id":"https:\/\/www.inmoweb.es\/blog\/que-es-derecho-tanteo-retracto\/#primaryimage"},"image":{"@id":"https:\/\/www.inmoweb.es\/blog\/que-es-derecho-tanteo-retracto\/#primaryimage"},"thumbnailUrl":"https:\/\/www.inmoweb.es\/blog\/wp-content\/uploads\/2025\/09\/AdobeStock_575917494-1.jpeg","datePublished":"2025-09-30T11:31:22+00:00","dateModified":"2026-03-31T14:34:34+00:00","description":"Descubre qu\u00e9 es el derecho de tanteo y retracto, c\u00f3mo se aplica en alquiler y si tiene caducidad. Inf\u00f3rmate sobre tus derechos como inquilino.","breadcrumb":{"@id":"https:\/\/www.inmoweb.es\/blog\/que-es-derecho-tanteo-retracto\/#breadcrumb"},"inLanguage":"es","potentialAction":[{"@type":"ReadAction","target":["https:\/\/www.inmoweb.es\/blog\/que-es-derecho-tanteo-retracto\/"]}]},{"@type":"ImageObject","inLanguage":"es","@id":"https:\/\/www.inmoweb.es\/blog\/que-es-derecho-tanteo-retracto\/#primaryimage","url":"https:\/\/www.inmoweb.es\/blog\/wp-content\/uploads\/2025\/09\/AdobeStock_575917494-1.jpeg","contentUrl":"https:\/\/www.inmoweb.es\/blog\/wp-content\/uploads\/2025\/09\/AdobeStock_575917494-1.jpeg","width":1200,"height":800,"caption":"que es el derecho de tanteo y retracto"},{"@type":"BreadcrumbList","@id":"https:\/\/www.inmoweb.es\/blog\/que-es-derecho-tanteo-retracto\/#breadcrumb","itemListElement":[{"@type":"ListItem","position":1,"name":"Blog","item":"https:\/\/www.inmoweb.es\/blog\/"},{"@type":"ListItem","position":2,"name":"\u00bfQu\u00e9 es el derecho de tanteo y retracto?"}]},{"@type":"WebSite","@id":"https:\/\/www.inmoweb.es\/blog\/#website","url":"https:\/\/www.inmoweb.es\/blog\/","name":"Blog de Inmoweb","description":"El blog de Inmoweb, tu CRM Inmobiliario.","publisher":{"@id":"https:\/\/www.inmoweb.es\/blog\/#organization"},"alternateName":"Blog de Inmoweb.es","potentialAction":[{"@type":"SearchAction","target":{"@type":"EntryPoint","urlTemplate":"https:\/\/www.inmoweb.es\/blog\/?s={search_term_string}"},"query-input":{"@type":"PropertyValueSpecification","valueRequired":true,"valueName":"search_term_string"}}],"inLanguage":"es"},{"@type":"Organization","@id":"https:\/\/www.inmoweb.es\/blog\/#organization","name":"Inmoweb","alternateName":"Blog de Inmoweb","url":"https:\/\/www.inmoweb.es\/blog\/","logo":{"@type":"ImageObject","inLanguage":"es","@id":"https:\/\/www.inmoweb.es\/blog\/#\/schema\/logo\/image\/","url":"https:\/\/www.inmoweb.es\/blog\/wp-content\/uploads\/2020\/06\/cropped-logo-4.png","contentUrl":"https:\/\/www.inmoweb.es\/blog\/wp-content\/uploads\/2020\/06\/cropped-logo-4.png","width":928,"height":250,"caption":"Inmoweb"},"image":{"@id":"https:\/\/www.inmoweb.es\/blog\/#\/schema\/logo\/image\/"},"sameAs":["https:\/\/www.facebook.com\/inmoweb","https:\/\/x.com\/inmowebES","https:\/\/www.instagram.com\/inmoweb.es\/","https:\/\/www.linkedin.com\/company\/inmoweb"]},{"@type":"Person","@id":"https:\/\/www.inmoweb.es\/blog\/#\/schema\/person\/3a7b8e9fd5d5cb0ac726a5b555514db7","name":"Asier Hern\u00e1ndez","image":{"@type":"ImageObject","inLanguage":"es","@id":"https:\/\/secure.gravatar.com\/avatar\/13f134f67e679dfee6248c0d49b645aa5894875b18543bfb9569ca1e06af38d7?s=96&d=mm&r=g","url":"https:\/\/secure.gravatar.com\/avatar\/13f134f67e679dfee6248c0d49b645aa5894875b18543bfb9569ca1e06af38d7?s=96&d=mm&r=g","contentUrl":"https:\/\/secure.gravatar.com\/avatar\/13f134f67e679dfee6248c0d49b645aa5894875b18543bfb9569ca1e06af38d7?s=96&d=mm&r=g","caption":"Asier Hern\u00e1ndez"},"description":"M\u00e1s de 25 a\u00f1os de experiencia en el desarrollo de tecnolog\u00eda, productos digitales y plataformas SaaS, con una trayectoria centrada en la creaci\u00f3n y evoluci\u00f3n de soluciones tecnol\u00f3gicas orientadas a negocio. Especializado en desarrollo web, arquitectura de software y gesti\u00f3n de productos digitales, cuenta con amplios conocimientos tanto en programaci\u00f3n frontend como backend, as\u00ed como en \u00e1reas clave del ecosistema digital como SEO, DNS, cloud hosting, SEM, prototipado y dise\u00f1o de producto. Esta combinaci\u00f3n de capacidades t\u00e9cnicas y estrat\u00e9gicas le ha permitido participar activamente en el dise\u00f1o, desarrollo y escalado de plataformas digitales utilizadas por miles de usuarios. A lo largo de su carrera ha acumulado una s\u00f3lida experiencia en gesti\u00f3n y liderazgo de equipos, con m\u00e1s de diez a\u00f1os dirigiendo equipos comerciales y equipos de desarrollo, coordinando perfiles t\u00e9cnicos y de negocio para impulsar el crecimiento de productos digitales y servicios SaaS. Especialista en el ecosistema de soluciones de Google, con amplia experiencia en infraestructuras web, servicios cloud y herramientas digitales, y usuario habitual del entorno Apple, mantiene un inter\u00e9s constante por la innovaci\u00f3n tecnol\u00f3gica y la evoluci\u00f3n de los modelos de negocio basados en software. Su perfil se caracteriza por una visi\u00f3n multidisciplinar, orientaci\u00f3n a producto y fuerte implicaci\u00f3n en los proyectos, combinando experiencia t\u00e9cnica, estrategia digital y enfoque en la mejora continua de plataformas tecnol\u00f3gicas.","sameAs":["http:\/\/blog.inmoweb.es","https:\/\/www.linkedin.com\/in\/assier\/"],"url":"https:\/\/www.inmoweb.es\/blog\/author\/asier\/"}]}},"_links":{"self":[{"href":"https:\/\/www.inmoweb.es\/blog\/wp-json\/wp\/v2\/posts\/1521","targetHints":{"allow":["GET"]}}],"collection":[{"href":"https:\/\/www.inmoweb.es\/blog\/wp-json\/wp\/v2\/posts"}],"about":[{"href":"https:\/\/www.inmoweb.es\/blog\/wp-json\/wp\/v2\/types\/post"}],"author":[{"embeddable":true,"href":"https:\/\/www.inmoweb.es\/blog\/wp-json\/wp\/v2\/users\/1"}],"replies":[{"embeddable":true,"href":"https:\/\/www.inmoweb.es\/blog\/wp-json\/wp\/v2\/comments?post=1521"}],"version-history":[{"count":2,"href":"https:\/\/www.inmoweb.es\/blog\/wp-json\/wp\/v2\/posts\/1521\/revisions"}],"predecessor-version":[{"id":1524,"href":"https:\/\/www.inmoweb.es\/blog\/wp-json\/wp\/v2\/posts\/1521\/revisions\/1524"}],"wp:featuredmedia":[{"embeddable":true,"href":"https:\/\/www.inmoweb.es\/blog\/wp-json\/wp\/v2\/media\/1523"}],"wp:attachment":[{"href":"https:\/\/www.inmoweb.es\/blog\/wp-json\/wp\/v2\/media?parent=1521"}],"wp:term":[{"taxonomy":"category","embeddable":true,"href":"https:\/\/www.inmoweb.es\/blog\/wp-json\/wp\/v2\/categories?post=1521"},{"taxonomy":"post_tag","embeddable":true,"href":"https:\/\/www.inmoweb.es\/blog\/wp-json\/wp\/v2\/tags?post=1521"}],"curies":[{"name":"wp","href":"https:\/\/api.w.org\/{rel}","templated":true}]}}